{"id":9153,"date":"2020-04-23T10:00:00","date_gmt":"2020-04-23T13:00:00","guid":{"rendered":"https:\/\/www.portaldeinocuidad.com\/web\/?p=9153"},"modified":"2020-04-20T14:00:37","modified_gmt":"2020-04-20T17:00:37","slug":"aliar-gestion-alimentaria-alianzas","status":"publish","type":"post","link":"https:\/\/www.portaldeinocuidad.com\/web\/aliar-gestion-alimentaria-alianzas\/","title":{"rendered":"Aliar: Gesti\u00f3n Alimentaria [alianzas]"},"content":{"rendered":"\n<p>Creemos en el <strong>trabajo colaborativo<\/strong> y nos agrada trabajar codo a codo, con otros profesionales de la <strong><a href=\"https:\/\/www.portaldeinocuidad.com\/web\/tag\/inocuidad-alimentaria\/\" target=\"_blank\" aria-label=\" (opens in a new tab)\" rel=\"noreferrer noopener\" class=\"aioseop-link\">inocuidad alimentaria<\/a><\/strong>, con quienes sumamos fortalezas, ideas y proyectos. <\/p>\n\n\n\n<p>Hoy les presentamos a <strong><a href=\"http:\/\/www.aliargestiona.com\" target=\"_blank\" aria-label=\" (opens in a new tab)\" rel=\"noreferrer noopener\" class=\"aioseop-link\">Aliar, Gesti\u00f3n Alimentaria<\/a><\/strong>.<\/p>\n\n\n\n<p>De esta alianza surgen muchos trabajos en colaboraci\u00f3n, complementariedad y sinergia. Reconocemos valores comunes y un fuerte compromiso por la inocuidad, la cultura de las organizaciones y la calidad de la gesti\u00f3n y los alimentos.<\/p>\n\n\n\n<blockquote class=\"wp-block-quote is-layout-flow wp-block-quote-is-layout-flow\"><p>ALIAR es una empresa comprometida con la mejora de los sistemas de gesti\u00f3n de la calidad y la inocuidad de los alimentos a trav\u00e9s de propuestas que crean valor compartido para garantizar la satisfacci\u00f3n de los clientes y consumidores, fortaleciendo el crecimiento y la competitividad de la agroindustria.<\/p><p>Su visi\u00f3n es ser una empresa reconocida regionalmente por el profesionalismo de sus programas de capacitaci\u00f3n, implementaci\u00f3n y auditor\u00eda, de acuerdo con las exigencias legales vigentes.<\/p><\/blockquote>\n\n\n\n<p>\u00a1Muchas gracias a todo el equipo!<\/p>\n\n\n\n<p class=\"has-background has-text-align-center has-very-light-gray-background-color\"><strong>Aliar est\u00e1 a cargo de los cursos online:<br><a aria-label=\"Legislaci\u00f3n Alimentaria (Argentina) (opens in a new tab)\" href=\"https:\/\/www.portaldeinocuidad.com\/web\/legislacion-alimentaria-argentina\/\" target=\"_blank\" rel=\"noreferrer noopener\" class=\"aioseop-link\">Legislaci\u00f3n Alimentaria (Argentina)<\/a><\/strong>, <strong><a aria-label=\" (opens in a new tab)\" href=\"https:\/\/www.portaldeinocuidad.com\/web\/rotulado-y-publicidad-de-productos-envasados-argentina\/\" target=\"_blank\" rel=\"noreferrer noopener\" class=\"aioseop-link\">Rotulado y Publicidad de Alimentos Envasados <\/a><\/strong><strong><a aria-label=\" (opens in a new tab)\" href=\"https:\/\/www.portaldeinocuidad.com\/web\/rotulado-y-publicidad-de-productos-envasados-argentina\/\" target=\"_blank\" rel=\"noreferrer noopener\" class=\"aioseop-link\">(solo para Argentina)<\/a> y <a aria-label=\"Metodolog\u00eda 5S. (opens in a new tab)\" href=\"https:\/\/www.portaldeinocuidad.com\/web\/metodologia-5s\/\" target=\"_blank\" rel=\"noreferrer noopener\" class=\"aioseop-link\">Metodolog\u00eda 5S.<\/a><\/strong><\/p>\n\n\n\n<p><em><strong>Portal de Inocuidad \u00a9 Se proh\u00edbe la reproducci\u00f3n total o parcial de los contenidos sin citar su fuente o solicitar autorizaci\u00f3n.<\/strong><\/em><\/p>\n","protected":false},"excerpt":{"rendered":"<p>Creemos en el trabajo colaborativo y nos agrada trabajar codo a codo, con otros profesionales de la inocuidad alimentaria, con quienes sumamos fortalezas, ideas y proyectos. Hoy les presentamos a Aliar, Gesti\u00f3n Alimentaria. De esta alianza surgen muchos trabajos en colaboraci\u00f3n, complementariedad y sinergia. Reconocemos valores comunes y un fuerte compromiso por la inocuidad, la [&hellip;]<\/p>\n","protected":false},"author":1,"featured_media":9156,"comment_status":"open","ping_status":"open","sticky":false,"template":"","format":"standard","meta":{"_genesis_hide_title":false,"_genesis_hide_breadcrumbs":false,"_genesis_hide_singular_image":false,"_genesis_hide_footer_widgets":false,"_genesis_custom_body_class":"","_genesis_custom_post_class":"","_genesis_layout":"","footnotes":""},"categories":[344],"tags":[76,297,60],"class_list":{"0":"post-9153","1":"post","2":"type-post","3":"status-publish","4":"format-standard","5":"has-post-thumbnail","7":"category-alianzas","8":"tag-aliar","9":"tag-industria-alimentaria","10":"tag-inocuidad-alimentaria","11":"entry"},"featured_image_src":"https:\/\/www.portaldeinocuidad.com\/web\/wp-content\/uploads\/2020\/04\/aliar-gestin-alimentaria-alianzas.jpg","featured_image_src_square":"https:\/\/www.portaldeinocuidad.com\/web\/wp-content\/uploads\/2020\/04\/aliar-gestin-alimentaria-alianzas.jpg","author_info":{"display_name":"Portal de Inocuidad","author_link":"https:\/\/www.portaldeinocuidad.com\/web\/author\/adminweb\/"},"_links":{"self":[{"href":"https:\/\/www.portaldeinocuidad.com\/web\/wp-json\/wp\/v2\/posts\/9153","targetHints":{"allow":["GET"]}}],"collection":[{"href":"https:\/\/www.portaldeinocuidad.com\/web\/wp-json\/wp\/v2\/posts"}],"about":[{"href":"https:\/\/www.portaldeinocuidad.com\/web\/wp-json\/wp\/v2\/types\/post"}],"author":[{"embeddable":true,"href":"https:\/\/www.portaldeinocuidad.com\/web\/wp-json\/wp\/v2\/users\/1"}],"replies":[{"embeddable":true,"href":"https:\/\/www.portaldeinocuidad.com\/web\/wp-json\/wp\/v2\/comments?post=9153"}],"version-history":[{"count":7,"href":"https:\/\/www.portaldeinocuidad.com\/web\/wp-json\/wp\/v2\/posts\/9153\/revisions"}],"predecessor-version":[{"id":9161,"href":"https:\/\/www.portaldeinocuidad.com\/web\/wp-json\/wp\/v2\/posts\/9153\/revisions\/9161"}],"wp:featuredmedia":[{"embeddable":true,"href":"https:\/\/www.portaldeinocuidad.com\/web\/wp-json\/wp\/v2\/media\/9156"}],"wp:attachment":[{"href":"https:\/\/www.portaldeinocuidad.com\/web\/wp-json\/wp\/v2\/media?parent=9153"}],"wp:term":[{"taxonomy":"category","embeddable":true,"href":"https:\/\/www.portaldeinocuidad.com\/web\/wp-json\/wp\/v2\/categories?post=9153"},{"taxonomy":"post_tag","embeddable":true,"href":"https:\/\/www.portaldeinocuidad.com\/web\/wp-json\/wp\/v2\/tags?post=9153"}],"curies":[{"name":"wp","href":"https:\/\/api.w.org\/{rel}","templated":true}]}}