{"id":8186,"date":"2020-02-26T10:00:00","date_gmt":"2020-02-26T13:00:00","guid":{"rendered":"https:\/\/www.portaldeinocuidad.com\/web\/?p=8186"},"modified":"2020-02-10T13:30:20","modified_gmt":"2020-02-10T16:30:20","slug":"comunidad-de-diseno-sanitario-de-plantas","status":"publish","type":"post","link":"https:\/\/www.portaldeinocuidad.com\/web\/comunidad-de-diseno-sanitario-de-plantas\/","title":{"rendered":"\u00a1Comunidad de Dise\u00f1o Sanitario de Plantas!"},"content":{"rendered":"\n<p>Nos apasiona tanto la<strong><a href=\"https:\/\/www.portaldeinocuidad.com\/web\/enamorados-de-la-inocuidad-alimentaria\/\" target=\"_blank\" rel=\"noreferrer noopener\" aria-label=\" (se abre en una nueva pesta\u00f1a)\"> inocuidad alimentaria<\/a><\/strong> como comunicarnos con los profesionales que aman esta industria \ud83d\ude42<\/p>\n\n\n\n<p>Por eso creamos un grupo especial para esta tem\u00e1tica. Lo creamos y \u00a1creemos en el poder de las <strong><a rel=\"noreferrer noopener\" aria-label=\" (se abre en una nueva pesta\u00f1a)\" href=\"https:\/\/www.facebook.com\/PortaldeInocuidad\/\" target=\"_blank\">comunidades online<\/a><\/strong>!<\/p>\n\n\n\n<p>Los invitamos a sumarse a <strong><a rel=\"noreferrer noopener\" href=\"https:\/\/www.facebook.com\/groups\/909641152533798\/\" target=\"_blank\">Dise\u00f1o Sanitario y Adecuaci\u00f3n Higi\u00e9nica de Plantas<\/a><\/strong>, nuestro grupo en Facebook, para participar activamente, intercambiar ideas, conocer a colegas, proponer debates, realizar consultas, sugerir soluciones. En pocas palabras: <strong>aportar valor<\/strong> para crecer entre todos \ud83d\ude09<\/p>\n\n\n\n<p>El <strong>valor higi\u00e9nico de una planta<\/strong> es fundamental para cualquier actividad de producci\u00f3n de alimentos y es por este motivo que les damos la bienvenida a este grupo con la idea de que aqu\u00ed compartamos material y experiencias sobre dise\u00f1o y redise\u00f1o de plantas de alimentos, as\u00ed como respecto de proyectos de readecuaci\u00f3n higi\u00e9nica. <\/p>\n\n\n\n<p>\u00a1Los esperamos a todos!<\/p>\n\n\n\n<p class=\"has-background has-text-align-center has-luminous-vivid-amber-background-color\"><strong>\u00bfLes interesa este tema?<br>Los invitamos a participar de nuestro curso online<\/strong><br><strong><a href=\"https:\/\/www.portaldeinocuidad.com\/web\/diseno-sanitario-de-plantas-de-alimentos\/\" target=\"_blank\" rel=\"noreferrer noopener\">\u00abPrimeros Pasos en Dise\u00f1o Sanitario de Plantas de Alimentos\u00bb.<br><\/a><a href=\"https:\/\/www.portaldeinocuidad.com\/web\/diseno-sanitario-de-plantas-de-alimentos\/\" target=\"_blank\" rel=\"noreferrer noopener\">\u00a1Quiero inscribirme!<\/a><\/strong><\/p>\n\n\n\n<p><em><strong>Portal de Inocuidad \u00a9 Se proh\u00edbe la reproducci\u00f3n total o parcial de los contenidos sin citar su fuente o solicitar autorizaci\u00f3n.<\/strong><\/em><\/p>\n","protected":false},"excerpt":{"rendered":"<p>Nos apasiona tanto la inocuidad alimentaria como comunicarnos con los profesionales que aman esta industria \ud83d\ude42 Por eso creamos un grupo especial para esta tem\u00e1tica. Lo creamos y \u00a1creemos en el poder de las comunidades online! Los invitamos a sumarse a Dise\u00f1o Sanitario y Adecuaci\u00f3n Higi\u00e9nica de Plantas, nuestro grupo en Facebook, para participar activamente, [&hellip;]<\/p>\n","protected":false},"author":1,"featured_media":8201,"comment_status":"open","ping_status":"open","sticky":false,"template":"","format":"standard","meta":{"_genesis_hide_title":false,"_genesis_hide_breadcrumbs":false,"_genesis_hide_singular_image":false,"_genesis_hide_footer_widgets":false,"_genesis_custom_body_class":"","_genesis_custom_post_class":"","_genesis_layout":"","footnotes":""},"categories":[112],"tags":[328,38,39,297,60],"class_list":{"0":"post-8186","1":"post","2":"type-post","3":"status-publish","4":"format-standard","5":"has-post-thumbnail","7":"category-contenidos-originales","8":"tag-comunidades-profesionales","9":"tag-diseno-higienico","10":"tag-diseno-sanitario","11":"tag-industria-alimentaria","12":"tag-inocuidad-alimentaria","13":"entry"},"featured_image_src":"https:\/\/www.portaldeinocuidad.com\/web\/wp-content\/uploads\/2020\/02\/comunidad-de-diseno-sanitario-de-plantas.jpg","featured_image_src_square":"https:\/\/www.portaldeinocuidad.com\/web\/wp-content\/uploads\/2020\/02\/comunidad-de-diseno-sanitario-de-plantas.jpg","author_info":{"display_name":"Portal de Inocuidad","author_link":"https:\/\/www.portaldeinocuidad.com\/web\/author\/adminweb\/"},"_links":{"self":[{"href":"https:\/\/www.portaldeinocuidad.com\/web\/wp-json\/wp\/v2\/posts\/8186","targetHints":{"allow":["GET"]}}],"collection":[{"href":"https:\/\/www.portaldeinocuidad.com\/web\/wp-json\/wp\/v2\/posts"}],"about":[{"href":"https:\/\/www.portaldeinocuidad.com\/web\/wp-json\/wp\/v2\/types\/post"}],"author":[{"embeddable":true,"href":"https:\/\/www.portaldeinocuidad.com\/web\/wp-json\/wp\/v2\/users\/1"}],"replies":[{"embeddable":true,"href":"https:\/\/www.portaldeinocuidad.com\/web\/wp-json\/wp\/v2\/comments?post=8186"}],"version-history":[{"count":11,"href":"https:\/\/www.portaldeinocuidad.com\/web\/wp-json\/wp\/v2\/posts\/8186\/revisions"}],"predecessor-version":[{"id":8203,"href":"https:\/\/www.portaldeinocuidad.com\/web\/wp-json\/wp\/v2\/posts\/8186\/revisions\/8203"}],"wp:featuredmedia":[{"embeddable":true,"href":"https:\/\/www.portaldeinocuidad.com\/web\/wp-json\/wp\/v2\/media\/8201"}],"wp:attachment":[{"href":"https:\/\/www.portaldeinocuidad.com\/web\/wp-json\/wp\/v2\/media?parent=8186"}],"wp:term":[{"taxonomy":"category","embeddable":true,"href":"https:\/\/www.portaldeinocuidad.com\/web\/wp-json\/wp\/v2\/categories?post=8186"},{"taxonomy":"post_tag","embeddable":true,"href":"https:\/\/www.portaldeinocuidad.com\/web\/wp-json\/wp\/v2\/tags?post=8186"}],"curies":[{"name":"wp","href":"https:\/\/api.w.org\/{rel}","templated":true}]}}