{"id":3694,"date":"2019-04-03T09:00:12","date_gmt":"2019-04-03T12:00:12","guid":{"rendered":"https:\/\/www.portaldeinocuidad.com\/web\/?p=3694"},"modified":"2019-11-01T15:44:11","modified_gmt":"2019-11-01T18:44:11","slug":"mucha-inocuidad-alimentaria-en-nuestra-semana","status":"publish","type":"post","link":"https:\/\/www.portaldeinocuidad.com\/web\/mucha-inocuidad-alimentaria-en-nuestra-semana\/","title":{"rendered":"Mucha inocuidad alimentaria en nuestra semana :)"},"content":{"rendered":"\n<p>\u00bfSaben cu\u00e1nto disfrutamos encontrarnos con ustedes en cada canal social? Much\u00edsimo \ud83d\ude42<\/p>\n\n\n\n<p>Creemos que para hacer crecer esta comunidad de <strong><a href=\"https:\/\/www.portaldeinocuidad.com\/web\/apasionados-por-la-inocuidad-alimentaria-nuestros-logros-a-2018\/\" target=\"_blank\" rel=\"noreferrer noopener\" aria-label=\"apasionados por la inocuidad alimentaria (abre en una nueva pesta\u00f1a)\">apasionados por la inocuidad alimentaria<\/a><\/strong> necesitamos <strong>acercarnos, conversar y compartir. <\/strong><\/p>\n\n\n\n<p>Por eso, hoy queremos contarles sobre nosotros&#8230; sobre c\u00f3mo fueron estos \u00faltimos d\u00edas, en qu\u00e9 estuvimos trabajando, incluyendo procesos internos de la empresa y tambi\u00e9n de nuestra colaboraci\u00f3n codo a codo con clientes. <\/p>\n\n\n\n<p><strong><a rel=\"noreferrer noopener\" aria-label=\"Paula Feldman (abre en una nueva pesta\u00f1a)\" href=\"https:\/\/www.portaldeinocuidad.com\/web\/paula-feldman\/\" target=\"_blank\">Paula Feldman<\/a><\/strong>, Directora de <strong><a href=\"http:\/\/www.portaldeinocuidad.com\">Portal de Inocuidad<\/a><\/strong>, los pone al d\u00eda en el siguiente video:<\/p>\n\n\n\n<iframe loading=\"lazy\" src=\"https:\/\/www.facebook.com\/plugins\/video.php?href=https%3A%2F%2Fwww.facebook.com%2FPortaldeInocuidad%2Fvideos%2F535046243570258%2F&#038;width=560&#038;show_text=false&#038;height=1000&#038;appId\" width=\"560\" height=\"1000\" style=\"border:none;overflow:hidden\" scrolling=\"no\" frameborder=\"0\" allowTransparency=\"true\" allow=\"encrypted-media\" allowFullScreen=\"true\"><\/iframe>\n\n\n\n<div style=\"height:20px\" aria-hidden=\"true\" class=\"wp-block-spacer\"><\/div>\n\n\n\n<p>Como cuenta Paula, mientras por aqu\u00ed ya empezamos los cursos de abril, seguimos a toda marcha prepar\u00e1ndonos para los <a rel=\"noreferrer noopener\" aria-label=\"cursos que iniciar\u00e1n el 7 de mayo (abre en una nueva pesta\u00f1a)\" href=\"https:\/\/www.portaldeinocuidad.com\/web\/cursos-mayo-bpm-mantenimiento-haccp-carnes-validacion-5s-food-defense-y-almacenamiento\/\" target=\"_blank\">cursos que iniciar\u00e1n el 7 de mayo<\/a>.  S\u00ed, s\u00ed, seguimos con todo porque nos encanta <strong>acompa\u00f1arlos en su desarrollo profesional<\/strong>.<\/p>\n\n\n\n<p>\u00bfC\u00f3mo empezaron estos primeros d\u00edas de abril? \u00a1Queremos saber!<\/p>\n\n\n\n<p><em><strong>Portal de Inocuidad \u00a9 Se proh\u00edbe la reproducci\u00f3n total o parcial de los contenidos sin citar su fuente o solicitar autorizaci\u00f3n.<\/strong><\/em> <\/p>\n","protected":false},"excerpt":{"rendered":"<p>\u00bfSaben cu\u00e1nto disfrutamos encontrarnos con ustedes en cada canal social? Much\u00edsimo \ud83d\ude42 Creemos que para hacer crecer esta comunidad de apasionados por la inocuidad alimentaria necesitamos acercarnos, conversar y compartir. Por eso, hoy queremos contarles sobre nosotros&#8230; sobre c\u00f3mo fueron estos \u00faltimos d\u00edas, en qu\u00e9 estuvimos trabajando, incluyendo procesos internos de la empresa y tambi\u00e9n [&hellip;]<\/p>\n","protected":false},"author":1,"featured_media":3732,"comment_status":"open","ping_status":"open","sticky":false,"template":"","format":"standard","meta":{"_genesis_hide_title":false,"_genesis_hide_breadcrumbs":false,"_genesis_hide_singular_image":false,"_genesis_hide_footer_widgets":false,"_genesis_custom_body_class":"","_genesis_custom_post_class":"","_genesis_layout":"","footnotes":""},"categories":[112],"tags":[132,297,60,121],"class_list":{"0":"post-3694","1":"post","2":"type-post","3":"status-publish","4":"format-standard","5":"has-post-thumbnail","7":"category-contenidos-originales","8":"tag-expertos-en-inocuidad","9":"tag-industria-alimentaria","10":"tag-inocuidad-alimentaria","11":"tag-paula-feldman","12":"entry"},"featured_image_src":"https:\/\/www.portaldeinocuidad.com\/web\/wp-content\/uploads\/2019\/04\/mucha-inocuidad-alimentaria-en-nuestra-semana.jpg","featured_image_src_square":"https:\/\/www.portaldeinocuidad.com\/web\/wp-content\/uploads\/2019\/04\/mucha-inocuidad-alimentaria-en-nuestra-semana.jpg","author_info":{"display_name":"Portal de Inocuidad","author_link":"https:\/\/www.portaldeinocuidad.com\/web\/author\/adminweb\/"},"_links":{"self":[{"href":"https:\/\/www.portaldeinocuidad.com\/web\/wp-json\/wp\/v2\/posts\/3694","targetHints":{"allow":["GET"]}}],"collection":[{"href":"https:\/\/www.portaldeinocuidad.com\/web\/wp-json\/wp\/v2\/posts"}],"about":[{"href":"https:\/\/www.portaldeinocuidad.com\/web\/wp-json\/wp\/v2\/types\/post"}],"author":[{"embeddable":true,"href":"https:\/\/www.portaldeinocuidad.com\/web\/wp-json\/wp\/v2\/users\/1"}],"replies":[{"embeddable":true,"href":"https:\/\/www.portaldeinocuidad.com\/web\/wp-json\/wp\/v2\/comments?post=3694"}],"version-history":[{"count":14,"href":"https:\/\/www.portaldeinocuidad.com\/web\/wp-json\/wp\/v2\/posts\/3694\/revisions"}],"predecessor-version":[{"id":3735,"href":"https:\/\/www.portaldeinocuidad.com\/web\/wp-json\/wp\/v2\/posts\/3694\/revisions\/3735"}],"wp:featuredmedia":[{"embeddable":true,"href":"https:\/\/www.portaldeinocuidad.com\/web\/wp-json\/wp\/v2\/media\/3732"}],"wp:attachment":[{"href":"https:\/\/www.portaldeinocuidad.com\/web\/wp-json\/wp\/v2\/media?parent=3694"}],"wp:term":[{"taxonomy":"category","embeddable":true,"href":"https:\/\/www.portaldeinocuidad.com\/web\/wp-json\/wp\/v2\/categories?post=3694"},{"taxonomy":"post_tag","embeddable":true,"href":"https:\/\/www.portaldeinocuidad.com\/web\/wp-json\/wp\/v2\/tags?post=3694"}],"curies":[{"name":"wp","href":"https:\/\/api.w.org\/{rel}","templated":true}]}}