{"id":30085,"date":"2025-09-30T10:00:00","date_gmt":"2025-09-30T13:00:00","guid":{"rendered":"https:\/\/www.portaldeinocuidad.com\/web\/?p=30085"},"modified":"2025-09-29T16:56:29","modified_gmt":"2025-09-29T19:56:29","slug":"curso-introduccion-a-las-mediciones-y-los-indicadores-lanzamiento","status":"publish","type":"post","link":"https:\/\/www.portaldeinocuidad.com\/web\/curso-introduccion-a-las-mediciones-y-los-indicadores-lanzamiento\/","title":{"rendered":"Curso \u00abIntroducci\u00f3n a las Mediciones y los Indicadores\u00bb [lanzamiento]"},"content":{"rendered":"\n<p>\u00a1Traemos m\u00e1s soluciones innovadoras! \u00a1S\u00ed, un nuevo curso! \ud83d\ude42<\/p>\n\n\n\n<p>Hoy les presentamos<strong> <a href=\"https:\/\/www.portaldeinocuidad.com\/web\/introduccion-a-mediciones-indicadores\/\" target=\"_blank\" rel=\"noreferrer noopener\">\u00abIntroducci\u00f3n a las Mediciones y los Indicadores. Lo que no se mide no se mejora\u00bb<\/a><\/strong>.<\/p>\n\n\n\n<p><strong>Medir<\/strong> es uno de los aspectos b\u00e1sicos de la Gesti\u00f3n. Medir bien, es uno de los aspectos fundamentales. Pero adem\u00e1s, tener claro \u201c<em>qu\u00e9<\/em> indicadores\u201d, \u201c<em>c\u00f3mo<\/em>\u201d medirlos y \u201c<em>qu\u00e9 decisiones tomar en funci\u00f3n de los datos\u201d<\/em>, es una de las tareas prioritarias en cualquier Organizaci\u00f3n.<\/p>\n\n\n\n<p>Este y otros aspectos de la Gesti\u00f3n, necesitan vincularse, para a trav\u00e9s de buenos controles, mejorar los procesos y productos y servicios.&nbsp;<\/p>\n\n\n\n<p>Pensado para trabajar estos conceptos en dos niveles, hemos dise\u00f1ado esta actividad, de nivel Inicial.<\/p>\n\n\n\n<p class=\"has-text-align-center has-background has-medium-font-size\" style=\"background-color:#e5e5e5\">El curso est\u00e1 a cargo de <strong>Roberto Sabuqui<\/strong>.<\/p>\n\n\n<div class=\"wp-block-image is-style-rounded\">\n<figure class=\"alignleft size-full is-resized\"><img loading=\"lazy\" decoding=\"async\" width=\"200\" height=\"200\" src=\"https:\/\/www.portaldeinocuidad.com\/web\/wp-content\/uploads\/2022\/03\/roberto-sabuqui-200x200-1.png\" alt=\"\" class=\"wp-image-18414\" style=\"object-fit:cover;width:150px;height:150px\" srcset=\"https:\/\/www.portaldeinocuidad.com\/web\/wp-content\/uploads\/2022\/03\/roberto-sabuqui-200x200-1.png 200w, https:\/\/www.portaldeinocuidad.com\/web\/wp-content\/uploads\/2022\/03\/roberto-sabuqui-200x200-1-150x150.png 150w, https:\/\/www.portaldeinocuidad.com\/web\/wp-content\/uploads\/2022\/03\/roberto-sabuqui-200x200-1-100x100.png 100w\" sizes=\"auto, (max-width: 200px) 100vw, 200px\" \/><\/figure>\n<\/div>\n\n\n<p>Director en <a href=\"http:\/\/www.sabuquikaizen.com.ar\/\" target=\"_blank\" rel=\"noreferrer noopener\">Sabuqui Kaizen<\/a>. Desarrolla actividad privada en Empresas de diferentes rubros: Alimenticio, Farmac\u00e9utico, Servicios Log\u00edsticos, Packaging, etc.<br>Licenciado en Administraci\u00f3n Agraria UADE. Diploma en Direcci\u00f3n de Empresas UNLZ. Capacitador y Auditor L\u00edder en distintos programas de IPACE. Designado por concurso, Examinador y Coordinador del Premio Nacional a la Calidad \u2013 Sector Privado. Participante del curso PQPS Program de la A.O.T.S. (Tokyo Kenshu Center 2012).<br>Asesor Certificado en Tecnolog\u00edas de Gesti\u00f3n, INTI\/OAA, desde 2019.<br>Miembro de AATG Asociaci\u00f3n de Asesores en Tecnolog\u00edas de Gesti\u00f3n.<br>Docente IAEA \u2013ADIMRA, Organizaci\u00f3n de la Producci\u00f3n, y Metodolog\u00eda 5s.<br>INET \u2013AOTS Programa 5s para Instituciones T\u00e9cnico Educativas. 2019-2020.<br>The Executive Program on Production Management2\u2013 [EPPM2] (Nagoya KC 2018).<br>The Program on Production Management for 5S\/Kaizen Facilitators in Latin America [LAPM] (Osaka KC 2015).<br>APICS U.S.A. Asistente a Congresos Supply Chain 2014-2015.<\/p>\n\n\n\n<p class=\"has-text-align-center has-background has-medium-font-size\" style=\"background-color:#e4f2fa\"><a href=\"https:\/\/www.portaldeinocuidad.com\/web\/introduccion-a-mediciones-indicadores\/\" target=\"_blank\" rel=\"noreferrer noopener\"><strong>Me interesa el Curso \u00abIntroducci\u00f3n a las Mediciones y los Indicadores\u00bb<\/strong><\/a><\/p>\n\n\n\n<p><em><strong>Portal de Inocuidad \u00a9 Se proh\u00edbe la reproducci\u00f3n total o parcial de los contenidos sin citar su fuente o solicitar autorizaci\u00f3n.<\/strong><\/em><\/p>\n","protected":false},"excerpt":{"rendered":"<p>\u00a1Traemos m\u00e1s soluciones innovadoras! \u00a1S\u00ed, un nuevo curso! \ud83d\ude42 Hoy les presentamos \u00abIntroducci\u00f3n a las Mediciones y los Indicadores. Lo que no se mide no se mejora\u00bb. Medir es uno de los aspectos b\u00e1sicos de la Gesti\u00f3n. Medir bien, es uno de los aspectos fundamentales. Pero adem\u00e1s, tener claro \u201cqu\u00e9 indicadores\u201d, \u201cc\u00f3mo\u201d medirlos y \u201cqu\u00e9 [&hellip;]<\/p>\n","protected":false},"author":1,"featured_media":29969,"comment_status":"open","ping_status":"open","sticky":false,"template":"","format":"standard","meta":{"_genesis_hide_title":false,"_genesis_hide_breadcrumbs":false,"_genesis_hide_singular_image":false,"_genesis_hide_footer_widgets":false,"_genesis_custom_body_class":"","_genesis_custom_post_class":"","_genesis_layout":"","footnotes":""},"categories":[37],"tags":[78,297,60,349,157,412],"class_list":{"0":"post-30085","1":"post","2":"type-post","3":"status-publish","4":"format-standard","5":"has-post-thumbnail","7":"category-cursos-virtuales","8":"tag-cursos-inocuidad-alimentaria","9":"tag-industria-alimentaria","10":"tag-inocuidad-alimentaria","11":"tag-mejora-continua","12":"tag-roberto-sabuqui","13":"tag-sabuqui-kaizen","14":"entry"},"featured_image_src":"https:\/\/www.portaldeinocuidad.com\/web\/wp-content\/uploads\/2025\/08\/introduccion-a-mediciones-indicadores-600x400.jpg","featured_image_src_square":"https:\/\/www.portaldeinocuidad.com\/web\/wp-content\/uploads\/2025\/08\/introduccion-a-mediciones-indicadores-600x600.jpg","author_info":{"display_name":"Portal de Inocuidad","author_link":"https:\/\/www.portaldeinocuidad.com\/web\/author\/adminweb\/"},"_links":{"self":[{"href":"https:\/\/www.portaldeinocuidad.com\/web\/wp-json\/wp\/v2\/posts\/30085","targetHints":{"allow":["GET"]}}],"collection":[{"href":"https:\/\/www.portaldeinocuidad.com\/web\/wp-json\/wp\/v2\/posts"}],"about":[{"href":"https:\/\/www.portaldeinocuidad.com\/web\/wp-json\/wp\/v2\/types\/post"}],"author":[{"embeddable":true,"href":"https:\/\/www.portaldeinocuidad.com\/web\/wp-json\/wp\/v2\/users\/1"}],"replies":[{"embeddable":true,"href":"https:\/\/www.portaldeinocuidad.com\/web\/wp-json\/wp\/v2\/comments?post=30085"}],"version-history":[{"count":4,"href":"https:\/\/www.portaldeinocuidad.com\/web\/wp-json\/wp\/v2\/posts\/30085\/revisions"}],"predecessor-version":[{"id":30089,"href":"https:\/\/www.portaldeinocuidad.com\/web\/wp-json\/wp\/v2\/posts\/30085\/revisions\/30089"}],"wp:featuredmedia":[{"embeddable":true,"href":"https:\/\/www.portaldeinocuidad.com\/web\/wp-json\/wp\/v2\/media\/29969"}],"wp:attachment":[{"href":"https:\/\/www.portaldeinocuidad.com\/web\/wp-json\/wp\/v2\/media?parent=30085"}],"wp:term":[{"taxonomy":"category","embeddable":true,"href":"https:\/\/www.portaldeinocuidad.com\/web\/wp-json\/wp\/v2\/categories?post=30085"},{"taxonomy":"post_tag","embeddable":true,"href":"https:\/\/www.portaldeinocuidad.com\/web\/wp-json\/wp\/v2\/tags?post=30085"}],"curies":[{"name":"wp","href":"https:\/\/api.w.org\/{rel}","templated":true}]}}