{"id":27544,"date":"2024-09-19T10:01:00","date_gmt":"2024-09-19T13:01:00","guid":{"rendered":"https:\/\/www.portaldeinocuidad.com\/web\/?p=27544"},"modified":"2024-09-06T10:05:12","modified_gmt":"2024-09-06T13:05:12","slug":"sobre-sostenibilidad-en-la-cadena-de-suministro-de-alimentos-de-la-ue","status":"publish","type":"post","link":"https:\/\/www.portaldeinocuidad.com\/web\/sobre-sostenibilidad-en-la-cadena-de-suministro-de-alimentos-de-la-ue\/","title":{"rendered":"Sobre sostenibilidad en la cadena de suministro de alimentos de la UE: Normativa en el horizonte"},"content":{"rendered":"\n<p>Despu\u00e9s de que la <strong>Comisi\u00f3n Europea<\/strong> presentara una propuesta legislativa en <strong>febrero de 2022<\/strong> para mejorar la <strong>responsabilidad corporativa<\/strong> y exigir la debida diligencia, los negociadores del Parlamento Europeo y el Consejo llegaron a un <a href=\"https:\/\/www.europarl.europa.eu\/news\/en\/press-room\/20231205IPR15689\/corporate-due-diligence-rules-agreed-to-safeguard-human-rights-and-environment\" target=\"_blank\" rel=\"noreferrer noopener\">acuerdo<\/a> informal el <strong>14 de diciembre de 2023<\/strong> con respecto a la Directiva de debida diligencia sobre sostenibilidad corporativa (CSDDD). Esta directiva tiene como objetivo salvaguardar los derechos humanos y mitigar los impactos ambientales resultantes de la conducta corporativa. En su forma actual, la directiva se aplica a todas las empresas de la UE y a las empresas matrices con un volumen de negocios global superior a 150 millones de euros y m\u00e1s de 500 empleados, o con un volumen de negocios global superior a 40 millones de euros y m\u00e1s de 250 empleados, siempre que al menos 20 millones de euros se genera en<strong> \u201csectores de alto impacto\u201d<\/strong>, como la <strong><a href=\"https:\/\/www.portaldeinocuidad.com\/web\/que-es-la-agricultura-regenerativa\/.\" target=\"_blank\" rel=\"noreferrer noopener\">agricultura<\/a><\/strong>, la<strong> fabricaci\u00f3n de alimentos <\/strong>y el <strong>comercio de materias primas agr\u00edcolas<\/strong>.\u00a0<\/p>\n\n\n\n<p>Pero hay que estar alerta, ya que no es s\u00f3lo de la UE: <a href=\"https:\/\/www.consilium.europa.eu\/en\/press\/press-releases\/2023\/12\/14\/corporate-sustainability-due-diligence-council-and-parliament-strike-deal-to-protect-environment-and-human-rights\/\" target=\"_blank\" rel=\"noreferrer noopener\">algunas empresas no pertenecientes a la UE<\/a> tambi\u00e9n estar\u00e1n sujetas a la directiva tres a\u00f1os despu\u00e9s de su implementaci\u00f3n y la Comisi\u00f3n de la UE debe publicar una lista con todas las empresas afectadas.<\/p>\n\n\n\n<p class=\"has-medium-font-size\"><strong>\u00bfQu\u00e9 quiere decir estandarizar los requisitos de diligencia debida en materia de <a href=\"https:\/\/www.portaldeinocuidad.com\/web\/un-bienestar-ba-sostenibilidad-ambiental\/\" target=\"_blank\" rel=\"noreferrer noopener\">sostenibilidad<\/a> corporativa?\u00a0 <\/strong><\/p>\n\n\n\n<p>Pues que est\u00e1n obligadas a prevenir, mitigar y rectificar las violaciones derivadas de sus actividades, subsidiarias y socios comerciales a lo largo de su cadena de valor y monitorear la efectividad de las medidas correctivas. Adem\u00e1s, las empresas incluidas en el alcance tienen el mandato de garantizar la transparencia p\u00fablica sobre sus esfuerzos de diligencia debida y establecer un mecanismo de queja accesible que cubra toda la cadena de valor. En caso de incumplimiento, las empresas pueden enfrentarse a multas de al menos el 5 % del volumen de negocios global neto, exposici\u00f3n p\u00fablica, condena por parte de la autoridad supervisora y responsabilidad por los da\u00f1os resultantes del incumplimiento.<\/p>\n\n\n\n<p>Los defensores de esta pol\u00edtica, en particular las organizaciones ambientalistas, de derechos humanos y de desarrollo, sostienen que la CSDDD representa un paso en la direcci\u00f3n correcta para <strong>proteger los valores sociales<\/strong>. Sin embargo, estas instituciones critican las lagunas de la directiva, incluida la obligaci\u00f3n limitada de <a href=\"https:\/\/www.portaldeinocuidad.com\/web\/cambio-climatico-y-su-impacto-esta-preparada-la-region-del-caribe\/\" target=\"_blank\" rel=\"noreferrer noopener\">minimizar el da\u00f1o ambiental<\/a>, la exclusi\u00f3n de los servicios financieros y la falta de oportunidades legislativas para hacer cumplir la ley. Algunas empresas apoyan la aplicaci\u00f3n de la CSDDD debido a las normas armonizadas que introduce para todas las empresas que operan dentro de la UE.<\/p>\n\n\n\n<p>Sin embargo, surgen cr\u00edticas de asociaciones industriales como la <strong><a href=\"https:\/\/www.vdma.org\/viewer\/-\/v2article\/render\/86509813\" target=\"_blank\" rel=\"noreferrer noopener\">Asociaci\u00f3n de Ingenier\u00eda Mec\u00e1nica VDMA<\/a><\/strong> y la <strong><a href=\"https:\/\/english.bdi.eu\/article\/news\/eu-corporate-sustainability-due-diligence-directive-start-of-the-trilogue\" target=\"_blank\" rel=\"noreferrer noopener\">Asociaci\u00f3n Federal de la Industria Alemana e.V.<\/a><\/strong>, que expresan su preocupaci\u00f3n por el impacto de la directiva en la competitividad de la industria en Europa. Predicen que la directiva podr\u00eda obstaculizar el desarrollo de cadenas de valor diversificadas, que ser\u00edan m\u00e1s resistentes a los cambios disruptivos. Adem\u00e1s, perciben las obligaciones como inmanejables, especialmente para las empresas medianas que se ver\u00e1n abrumadas al tener que atender quejas en los rincones m\u00e1s remotos de su cadena de valor. Adem\u00e1s, argumentan que la directiva podr\u00eda crear una barrera no arancelaria adicional, impidiendo el comercio global.<\/p>\n\n\n\n<p>Se espera que muchas empresas de todo el mundo se enfrenten a un desaf\u00edo importante con la CSDDD, como lo indica una <a href=\"https:\/\/www.msci.com\/www\/blog-posts\/human-rights-due-diligence\/04154266408#f8\" target=\"_blank\" rel=\"noreferrer noopener\">encuesta<\/a> realizada por<strong> MSCI<\/strong>, donde numerosas empresas incluidas en el alcance admitieron que actualmente no cumplen con los requisitos b\u00e1sicos de la propuesta. Se recomienda a esas empresas que cumplan con los requisitos lo antes posible para evitar verse abrumadas por las intimidantes oleadas de cargas regulatorias.<\/p>\n\n\n\n<p class=\"has-medium-font-size\"><strong>Otras referencias:<\/strong><\/p>\n\n\n\n<ul class=\"wp-block-list\">\n<li><a href=\"https:\/\/www.theparliamentmagazine.eu\/news\/article\/ignorance-is-risk-a-business-perspective-on-human-rights-and-environmental-due-diligence\" target=\"_blank\" rel=\"noreferrer noopener\">Ignorance Is Risk: A business perspective on Human Rights and Environmental Due Diligence<\/a>.<\/li>\n<\/ul>\n\n\n\n<ul class=\"wp-block-list\">\n<li><a href=\"https:\/\/sustainablefutures.linklaters.com\/post\/102ivak\/eu-political-agreement-reached-on-the-csddd\" target=\"_blank\" rel=\"noreferrer noopener\">EU: Political agreement reached on the CSDDD<\/a>.<\/li>\n<\/ul>\n\n\n\n<ul class=\"wp-block-list\">\n<li><a href=\"https:\/\/friendsoftheearth.eu\/press-release\/the-final-political-trilogue-on-csddd-a-bittersweet-moment-for-corporate-justice\/\">The final political trilogue on CSDDD: A bittersweet moment for corporate justice<\/a>.<\/li>\n<\/ul>\n\n\n\n<ul class=\"wp-block-list\">\n<li><a href=\"https:\/\/www.oecdwatch.org\/eu-csddd-agreement\/\" target=\"_blank\" rel=\"noreferrer noopener\">Landmark step forward but proof of need for greater policy coherence: new agreement on EU Corporate Sustainability Due Diligence Directive<\/a>.<\/li>\n<\/ul>\n\n\n\n<p><\/p>\n\n\n\n<p class=\"has-medium-font-size\"><strong>Autora<\/strong>:<\/p>\n\n\n<div class=\"wp-block-image is-style-rounded\">\n<figure class=\"alignleft is-resized\"><img loading=\"lazy\" decoding=\"async\" width=\"200\" height=\"200\" src=\"https:\/\/www.portaldeinocuidad.com\/web\/wp-content\/uploads\/2022\/03\/leila-burin-200x200-1.jpeg\" alt=\"Leila Burin.\" class=\"wp-image-18410\" style=\"object-fit:cover;width:150px;height:150px\" srcset=\"https:\/\/www.portaldeinocuidad.com\/web\/wp-content\/uploads\/2022\/03\/leila-burin-200x200-1.jpeg 200w, https:\/\/www.portaldeinocuidad.com\/web\/wp-content\/uploads\/2022\/03\/leila-burin-200x200-1-150x150.jpeg 150w, https:\/\/www.portaldeinocuidad.com\/web\/wp-content\/uploads\/2022\/03\/leila-burin-200x200-1-100x100.jpeg 100w\" sizes=\"auto, (max-width: 200px) 100vw, 200px\" \/><\/figure>\n<\/div>\n\n\n<p><strong>Leila Burin.<\/strong>&nbsp;<br>Coordinadora Acad\u00e9mica de Portal de Inocuidad.<br>PhD en Ciencias Qu\u00edmicas, Universidad de Buenos Aires, 2001 y Lic. en Ciencias Biol\u00f3gicas, Universidad de Buenos Aires.<br>2010 hasta la fecha: auditora GFSI: Esquemas: IFS, BRCGS, ISO 22 000, FSSC 22000,&nbsp; y esquemas privados, como SQMS (Mac Donalds) con base en Espa\u00f1a.<br>1997 hasta la fecha: QualyFoods S.A. como Directora. Digitalizaci\u00f3n de procesos: Q-Chess mobile y asesoramiento en inocuidad alimentaria. Capacitadora reconocida: HACCP Alliance Lead Instructor y BRCGS ATP (2019\/2022).<br>2022 hasta la fecha: representante ENFIT en Espa\u00f1a.<\/p>\n\n\n\n<p><em><strong><em><strong>Portal de Inocuidad \u00a9 Se proh\u00edbe la reproducci\u00f3n total o parcial de los contenidos sin citar su fuente o solicitar autorizaci\u00f3n<\/strong><\/em>.<\/strong><\/em><\/p>\n","protected":false},"excerpt":{"rendered":"<p>Despu\u00e9s de que la Comisi\u00f3n Europea presentara una propuesta legislativa en febrero de 2022 para mejorar la responsabilidad corporativa y exigir la debida diligencia, los negociadores del Parlamento Europeo y el Consejo llegaron a un acuerdo informal el 14 de diciembre de 2023 con respecto a la Directiva de debida diligencia sobre sostenibilidad corporativa (CSDDD). [&hellip;]<\/p>\n","protected":false},"author":1,"featured_media":27554,"comment_status":"open","ping_status":"open","sticky":false,"template":"","format":"standard","meta":{"_genesis_hide_title":false,"_genesis_hide_breadcrumbs":false,"_genesis_hide_singular_image":false,"_genesis_hide_footer_widgets":false,"_genesis_custom_body_class":"","_genesis_custom_post_class":"","_genesis_layout":"","footnotes":""},"categories":[112],"tags":[335,46,100,99,45,297,60,103,468,153],"class_list":{"0":"post-27544","1":"post","2":"type-post","3":"status-publish","4":"format-standard","5":"has-post-thumbnail","7":"category-contenidos-originales","8":"tag-brcgs","9":"tag-food-defense","10":"tag-fssc-22000","11":"tag-gfsi","12":"tag-ifs-food","13":"tag-industria-alimentaria","14":"tag-inocuidad-alimentaria","15":"tag-leila-burin","16":"tag-sostenibilidad","17":"tag-trazabilidad-alimentaria","18":"entry"},"featured_image_src":"https:\/\/www.portaldeinocuidad.com\/web\/wp-content\/uploads\/2024\/09\/sostenibilildad-en-la-cadena-de-suministros-de-alimentos-600x400.jpg","featured_image_src_square":"https:\/\/www.portaldeinocuidad.com\/web\/wp-content\/uploads\/2024\/09\/sostenibilildad-en-la-cadena-de-suministros-de-alimentos-600x600.jpg","author_info":{"display_name":"Portal de Inocuidad","author_link":"https:\/\/www.portaldeinocuidad.com\/web\/author\/adminweb\/"},"_links":{"self":[{"href":"https:\/\/www.portaldeinocuidad.com\/web\/wp-json\/wp\/v2\/posts\/27544","targetHints":{"allow":["GET"]}}],"collection":[{"href":"https:\/\/www.portaldeinocuidad.com\/web\/wp-json\/wp\/v2\/posts"}],"about":[{"href":"https:\/\/www.portaldeinocuidad.com\/web\/wp-json\/wp\/v2\/types\/post"}],"author":[{"embeddable":true,"href":"https:\/\/www.portaldeinocuidad.com\/web\/wp-json\/wp\/v2\/users\/1"}],"replies":[{"embeddable":true,"href":"https:\/\/www.portaldeinocuidad.com\/web\/wp-json\/wp\/v2\/comments?post=27544"}],"version-history":[{"count":10,"href":"https:\/\/www.portaldeinocuidad.com\/web\/wp-json\/wp\/v2\/posts\/27544\/revisions"}],"predecessor-version":[{"id":27555,"href":"https:\/\/www.portaldeinocuidad.com\/web\/wp-json\/wp\/v2\/posts\/27544\/revisions\/27555"}],"wp:featuredmedia":[{"embeddable":true,"href":"https:\/\/www.portaldeinocuidad.com\/web\/wp-json\/wp\/v2\/media\/27554"}],"wp:attachment":[{"href":"https:\/\/www.portaldeinocuidad.com\/web\/wp-json\/wp\/v2\/media?parent=27544"}],"wp:term":[{"taxonomy":"category","embeddable":true,"href":"https:\/\/www.portaldeinocuidad.com\/web\/wp-json\/wp\/v2\/categories?post=27544"},{"taxonomy":"post_tag","embeddable":true,"href":"https:\/\/www.portaldeinocuidad.com\/web\/wp-json\/wp\/v2\/tags?post=27544"}],"curies":[{"name":"wp","href":"https:\/\/api.w.org\/{rel}","templated":true}]}}