{"id":12753,"date":"2021-03-04T10:00:00","date_gmt":"2021-03-04T13:00:00","guid":{"rendered":"https:\/\/www.portaldeinocuidad.com\/web\/?p=12753"},"modified":"2022-10-04T13:15:58","modified_gmt":"2022-10-04T16:15:58","slug":"codigo-alimentario-argentino-ultimas-modificaciones","status":"publish","type":"post","link":"https:\/\/www.portaldeinocuidad.com\/web\/codigo-alimentario-argentino-ultimas-modificaciones\/","title":{"rendered":"C\u00f3digo Alimentario Argentino: \u00faltimas modificaciones"},"content":{"rendered":"\n<p>Nuestros amigos de&nbsp;<strong><a href=\"http:\/\/www.aliargestiona.com\/\" target=\"_blank\" rel=\"noreferrer noopener\">Aliar Gesti\u00f3n Alimentaria<\/a><\/strong>&nbsp;nos traen otro excelente art\u00edculo con las <strong>\u00faltimas modificaciones del C\u00f3digo Alimentario Argentino.<\/strong><\/p>\n\n\n\n<p>\u00a1Los invitamos a seguir de cerca todos sus contenidos!<\/p>\n\n\n\n<h5 class=\"wp-block-heading\">\u00daltimas modificaciones del C\u00f3digo Alimentario Argentino<\/h5>\n\n\n\n<p>A continuaci\u00f3n encontrar\u00e1n los v\u00ednculos para acceder a las publicaciones en el Bolet\u00edn Oficial (BORA) que modifican \/ actualizan el CAA:&nbsp;<\/p>\n\n\n\n<figure class=\"wp-block-table\"><table><tbody><tr><td><strong>Fecha<\/strong><\/td><td><strong>Res. N\u00ba<\/strong><\/td><td><strong>C\u00f3digo Alimentario Argentino&nbsp;<\/strong><\/td><\/tr><tr><td>09\/02\/21<\/td><td><a href=\"https:\/\/www.boletinoficial.gob.ar\/detalleAviso\/primera\/240597\/20210209\" target=\"_blank\" rel=\"noreferrer noopener\">12\/2021<\/a><\/td><td>Actualizaci\u00f3n de las especificaciones de identidad y pureza de varios&nbsp;<strong>aditivos<\/strong>&nbsp;contemplados en art\u00edculo 1398.<\/td><\/tr><tr><td>09\/02\/21<\/td><td><a href=\"https:\/\/www.boletinoficial.gob.ar\/detalleAviso\/primera\/240596\/20210209\" target=\"_blank\" rel=\"noreferrer noopener\">7\/2021<\/a><\/td><td>Incorporaci\u00f3n del t\u00edtulo&nbsp;<strong>\u201cBocas o locales de expendio minoristas\u201d<\/strong>&nbsp;y del art\u00edculo 147 bis en el que se define a la&nbsp;<strong>verduler\u00eda y fruter\u00eda<\/strong>&nbsp;y sus requisitos en el cap\u00edtulo II sobre condiciones generales de las f\u00e1bricas y comercios de alimentos.<\/td><\/tr><tr><td>09\/02\/21<\/td><td><a href=\"https:\/\/www.boletinoficial.gob.ar\/detalleAviso\/primera\/240595\/20210209\" target=\"_blank\" rel=\"noreferrer noopener\">5\/2021<\/a><\/td><td>Incorporaci\u00f3n del art\u00edculo 249 en el que se define a la&nbsp;<strong>carne descongelada<\/strong>, su rotulado y vida \u00fatil.<\/td><\/tr><tr><td>09\/02\/21<\/td><td><a href=\"https:\/\/www.boletinoficial.gob.ar\/detalleAviso\/primera\/240594\/20210209\" target=\"_blank\" rel=\"noreferrer noopener\">4\/2021<\/a><\/td><td>Incorporaci\u00f3n del art\u00edculo 152 tris en el que se definen a los&nbsp;<strong>establecimientos comunitarios<\/strong>&nbsp;y sus requisitos en el cap\u00edtulo II sobre condiciones generales de las f\u00e1bricas y comercios de alimentos.<\/td><\/tr><tr><td>01\/02\/21<\/td><td><a href=\"https:\/\/www.boletinoficial.gob.ar\/detalleAviso\/primera\/240288\/20210201\" target=\"_blank\" rel=\"noreferrer noopener\">10\/2021<\/a><\/td><td>Incorporaci\u00f3n del 60 bis en el que se definen los&nbsp;<strong>establecimientos l\u00e1cteos de elaboraci\u00f3n artesanal<\/strong>&nbsp;y las exigencias que deben cumplir.<\/td><\/tr><tr><td>01\/02\/21<\/td><td><a href=\"https:\/\/www.boletinoficial.gob.ar\/detalleAviso\/primera\/240287\/20210201\" target=\"_blank\" rel=\"noreferrer noopener\">9\/2021<\/a><\/td><td>Incorporaci\u00f3n del art\u00edculo 156 quinto con l\u00edmites de&nbsp;<strong>micotoxinas<\/strong>&nbsp;espec\u00edficas&nbsp;<strong>para alimentos destinados a lactantes y ni\u00f1os de corta edad<\/strong>.<\/td><\/tr><tr><td>28\/01\/21<\/td><td><a href=\"https:\/\/www.boletinoficial.gob.ar\/detalleAviso\/primera\/240151\/20210128\" target=\"_blank\" rel=\"noreferrer noopener\">8\/2021<\/a><\/td><td>Actualizaci\u00f3n del art\u00edculo 1263 en el que&nbsp;<strong>consta el listado de las enzimas permitidas como coadyuvantes de tecnolog\u00eda<\/strong>&nbsp;para uso en la industria alimentaria y de bebidas.<\/td><\/tr><tr><td>28\/01\/21<\/td><td><a href=\"https:\/\/www.boletinoficial.gob.ar\/detalleAviso\/primera\/240150\/20210128\" target=\"_blank\" rel=\"noreferrer noopener\">6\/2021<\/a><\/td><td>Incorporaci\u00f3n de los art\u00edculos 18 qu\u00e1ter, quinto y sexto con las&nbsp;<strong>especificaciones para c\u00e1maras frigor\u00edficas, dependencias auxiliares y eliminaci\u00f3n de efluentes<\/strong>&nbsp;en el cap\u00edtulo II sobre condiciones generales de las f\u00e1bricas y comercios de alimentos.<\/td><\/tr><tr><td>27\/01\/21<\/td><td><a href=\"https:\/\/www.boletinoficial.gob.ar\/detalleAviso\/primera\/240117\/20210127\">2\/2021<\/a><\/td><td>Actualizaci\u00f3n del art\u00edculo 985 sobre el&nbsp;<strong>contenido de ars\u00e9nico<\/strong>&nbsp;<strong>en agua mineral<\/strong>.<\/td><\/tr><tr><td>21\/01\/21<\/td><td><a href=\"https:\/\/www.boletinoficial.gob.ar\/detalleAviso\/primera\/239985\/20210121\" target=\"_blank\" rel=\"noreferrer noopener\">3\/2021<\/a><\/td><td>Actualizaci\u00f3n del art\u00edculo 155 tris sobre el&nbsp;<strong>contenido de grasas trans<\/strong>&nbsp;en alimentos.<\/td><\/tr><tr><td>13\/01\/21<\/td><td><a href=\"https:\/\/www.boletinoficial.gob.ar\/detalleAviso\/primera\/239770\/20210113\" target=\"_blank\" rel=\"noreferrer noopener\">1\/2021<\/a><\/td><td>Incorporaci\u00f3n de&nbsp;<strong>criterios microbiol\u00f3gicos para ovoproductos<\/strong>&nbsp;en las categor\u00edas de: huevo entero con c\u00e1scara, fresco o refrigerado; huevo entero, yema, clara, l\u00edquidos y pasteurizados, refrigerados, congelados y desecados, se incorporan los art\u00edculos 499 bis y 513 qu\u00e1ter. Actualizaci\u00f3n de la metodolog\u00eda de an\u00e1lisis microbiol\u00f3gicos para el huevo duro, se sustituye el 519 bis.<\/td><\/tr><tr><td>19\/12\/20<\/td><td><a href=\"https:\/\/www.boletinoficial.gob.ar\/detalleAviso\/primera\/239288\/20201229\" target=\"_blank\" rel=\"noreferrer noopener\">4\/2020<\/a><\/td><td>Actualizaci\u00f3n del art\u00edculo 154 bis sobre&nbsp;<strong>transporte de carga de alimentos<\/strong>. Se unifican criterios con lo dispuesto en la reglamentaci\u00f3n de SENASA en el CAP\u00cdTULO XXVIII sobre transportes del Decreto N\u00b04238\/68.<\/td><\/tr><tr><td>19\/12\/20<\/td><td><a href=\"https:\/\/www.boletinoficial.gob.ar\/detalleAviso\/primera\/239287\/20201229\" target=\"_blank\" rel=\"noreferrer noopener\">3\/2020<\/a><\/td><td>Actualizaci\u00f3n del art\u00edculo 1381 sobre&nbsp;<strong>suplementos dietarios<\/strong>&nbsp;en cuanto a formulaciones, hierbas autorizadas, niveles de No Observaci\u00f3n de Efectos Adversos y l\u00edmites de ingesta de micronutrientes, obligatoriedad de realizar evaluaci\u00f3n de riesgo para los compuestos para los que no se han preestablecido valores de ingesta.Incorporaci\u00f3n del art\u00edculo 1381 tris que aprueba al&nbsp;<strong>aceite de germen de pr\u00edmula<\/strong>&nbsp;para suplementos dietarios.<\/td><\/tr><tr><td>23\/07\/20<\/td><td><a href=\"https:\/\/www.boletinoficial.gob.ar\/detalleAviso\/primera\/232470\/20200723\" target=\"_blank\" rel=\"noreferrer noopener\">2\/2020<\/a><\/td><td>Inclusi\u00f3n del art\u00edculo 925 bis para definir&nbsp;<strong>vegetales congelados\/supercongelados<\/strong>&nbsp;que no recibir\u00e1n tratamiento t\u00e9rmico y que s\u00ed recibir\u00e1n una cocci\u00f3n antes del consumo; sus requisitos de rotulado y criterios microbiol\u00f3gicos, obligatoriedad de implementar HACCP y contar con direcci\u00f3n t\u00e9cnica<\/td><\/tr><tr><td>14\/10\/20<\/td><td><a href=\"https:\/\/www.boletinoficial.gob.ar\/detalleAviso\/primera\/235330\/20200924\" target=\"_blank\" rel=\"noreferrer noopener\">1\/2020<\/a><\/td><td>Incorporaci\u00f3n del art\u00edculo 783 bis sobre&nbsp;<strong>miel de Yate\u00ed<\/strong><\/td><\/tr><tr><td>11\/12\/19<\/td><td><a href=\"https:\/\/www.boletinoficial.gob.ar\/detalleAviso\/primera\/223682\/20191211\" target=\"_blank\" rel=\"noreferrer noopener\">35\/2019<\/a><\/td><td>Rectificaci\u00f3n del art\u00edculo 1414 qu\u00e1ter sobre&nbsp;<strong>par\u00e1metros de referencia para la determinaci\u00f3n de sodio en productos alimenticios envasados<\/strong><\/td><\/tr><tr><td>27\/11\/19<\/td><td><a href=\"https:\/\/www.boletinoficial.gob.ar\/detalleAviso\/primera\/222045\/20191127\" target=\"_blank\" rel=\"noreferrer noopener\">34\/2019<\/a><\/td><td>Modificaci\u00f3n del art\u00edculo 982 sobre&nbsp;<strong>agua potable<\/strong>, del art\u00edculo 983 sobre&nbsp;<strong>agua de bebida envasada o agua potabilizada envasada<\/strong>&nbsp;y del art\u00edculo 995 sobre&nbsp;<strong>agua mineralizada artificialmente<\/strong>&nbsp;en cuanto al&nbsp;<strong>contenido de ars\u00e9nico<\/strong><\/td><\/tr><tr><td>27\/11\/19<\/td><td><a href=\"https:\/\/www.boletinoficial.gob.ar\/detalleAviso\/primera\/222044\/20191127\" target=\"_blank\" rel=\"noreferrer noopener\">33\/2019<\/a><\/td><td>Inclusi\u00f3n del art\u00edculo 1284 bis para definir&nbsp;<strong>aderezo a base de k\u00e9tchup<\/strong>&nbsp;y el art\u00edculo 1284 ter para definir&nbsp;<strong>salsa golf<\/strong>&nbsp;y sustituci\u00f3n del art\u00edculo 1279 sobre&nbsp;<strong>salsa, aderezo o ali\u00f1o<\/strong>&nbsp;y del art\u00edculo 1283 sobre&nbsp;<strong>salsas a base de tomate<\/strong>, incluyendo en todos los casos&nbsp;<strong>l\u00edmites<\/strong>&nbsp;<strong>m\u00e1ximos de contenido de sodio<\/strong><\/td><\/tr><tr><td>27\/11\/19<\/td><td><a href=\"https:\/\/www.boletinoficial.gob.ar\/detalleAviso\/primera\/222043\/20191127\" target=\"_blank\" rel=\"noreferrer noopener\">32\/2019<\/a><\/td><td>Definici\u00f3n del&nbsp;<strong>plazo de adecuaci\u00f3n<\/strong>&nbsp;para la implementaci\u00f3n&nbsp;del&nbsp;<strong>carnet de manipulador de alimentos<\/strong>&nbsp;seg\u00fan los&nbsp;<strong>requisitos del art. 21<\/strong>:&nbsp;<strong>365 d\u00edas corridos desde el 01\/08\/19<\/strong><\/td><\/tr><tr><td>30\/10\/19<\/td><td><a href=\"https:\/\/www.boletinoficial.gob.ar\/detalleAviso\/primera\/220224\/20191030\" target=\"_blank\" rel=\"noreferrer noopener\">31\/2019<\/a><\/td><td>Inclusi\u00f3n del&nbsp;<strong>reglamento<\/strong>&nbsp;t\u00e9cnico MERCOSUR\/GMC\/RES. N\u00ba 28\/18 sobre&nbsp;<strong>exclusi\u00f3n de uso de aditivos alimentarios:&nbsp;<\/strong>Proh\u00edbe el uso en alimentos de los&nbsp;<strong>aditivos silicato de aluminio y sodio (INS 554), silicato de calcio y aluminio (INS 556) y silicato de aluminio (INS 559)<\/strong>&nbsp;para&nbsp;<strong>todas las categor\u00edas<\/strong>&nbsp;de alimentos armonizadas en el MERCOSUR; proh\u00edbe el uso del aditivo&nbsp;<strong>fosfato \u00e1cido de aluminio y sodio, aluminio (tri) tetradecahidr\u00f3geno octafosfato de sodio-tetrahidratado, aluminio (di) pentadecahidr\u00f3geno octafosfato tris\u00f3dico (INS 541i)<\/strong>&nbsp;para&nbsp;<strong>todas las categor\u00edas<\/strong>&nbsp;armonizadas en el MERCOSUR,&nbsp;<strong>excepto para<\/strong>&nbsp;las categor\u00edas 7.3.2: productos de reposter\u00eda con leudante qu\u00edmico, con o sin relleno, recubiertos o no y 7.3.3: mezcla para preparar productos de reposter\u00eda con leudante qu\u00edmico, con o sin relleno, recubiertos o no, con los usos y l\u00edmites establecidos en la Resoluci\u00f3n GMC N\u00ba 50\/97, sus modificatorias y\/o complementarias.<\/td><\/tr><tr><td>30\/10\/19<\/td><td><a href=\"https:\/\/www.boletinoficial.gob.ar\/detalleAviso\/primera\/220223\/20191030\" target=\"_blank\" rel=\"noreferrer noopener\">30\/2019<\/a><\/td><td>Modificaci\u00f3n del art\u00edculo 904 bis sobre&nbsp;<strong>fruta desecada<\/strong>, el art\u00edculo 906 sobre&nbsp;<strong>ciruelas con carozo<\/strong>&nbsp;y el art\u00edculo 910 sobre&nbsp;<strong>higos redondeados desecados<\/strong>; se utiliza el t\u00e9rmino \u201cdesecadas\u201d en general para englobar a las \u201cdesecadas\/deshidratadas\u201d.<\/td><\/tr><tr><td>30\/10\/19<\/td><td><a href=\"https:\/\/www.boletinoficial.gob.ar\/detalleAviso\/primera\/220222\/20191030\" target=\"_blank\" rel=\"noreferrer noopener\">29\/2019<\/a><\/td><td>Art\u00edculo 986<strong>&nbsp;\u2013&nbsp;<\/strong>Revisi\u00f3n de la clasificaci\u00f3n&nbsp;<strong>aguas minerales<\/strong>&nbsp;naturales incorporando la categor\u00eda \u00ab<strong>mineralizaci\u00f3n muy d\u00e9bil<\/strong>\u00bb con un residuo seco de hasta 50 miligramos por litro (mg\/l)<\/td><\/tr><tr><td>23\/09\/19<\/td><td><a href=\"https:\/\/www.boletinoficial.gob.ar\/detalleAviso\/primera\/217132\/20190923\" target=\"_blank\" rel=\"noreferrer noopener\">28\/2019<\/a><\/td><td>Art\u00edculo 323<strong>&nbsp;&#8211;&nbsp;<\/strong>Inclusi\u00f3n de<strong>&nbsp;concentrado&nbsp;prote\u00ednico&nbsp;de soja&nbsp;<\/strong>como extensor en chacinados<\/td><\/tr><tr><td>23\/09\/19<\/td><td><a href=\"https:\/\/www.boletinoficial.gob.ar\/detalleAviso\/primera\/217131\/20190923\">27\/2019<\/a><\/td><td>Art\u00edculo 1398 \u00edtem 174 \u2013 Incorporaci\u00f3n del aditivo&nbsp;<strong>paramela, nombre taxon\u00f3mico: Adesmia boronioides Hook. f.&nbsp;<\/strong>como aromatizante en bebidas alcoh\u00f3licas en un porcentaje no mayor al uno por ciento (1%) de tallos y hojas<\/td><\/tr><tr><td>23\/09\/19<\/td><td><a href=\"https:\/\/www.boletinoficial.gob.ar\/detalleAviso\/primera\/217130\/20190923\" target=\"_blank\" rel=\"noreferrer noopener\">26\/2019<\/a><\/td><td>Art\u00edculo 888 &#8211; Inclusi\u00f3n del fruto de&nbsp;<strong>Eugenia uniflora L. (pitanga, \u00f1angapir\u00ed o array\u00e1n)<\/strong>&nbsp;en la clasificaci\u00f3n de frutas frescas comestibles<\/td><\/tr><tr><td>16\/08\/19<\/td><td><a href=\"https:\/\/www.boletinoficial.gob.ar\/detalleAviso\/primera\/213620\/20190816\" target=\"_blank\" rel=\"noreferrer noopener\">25\/2019<\/a><\/td><td><strong>Rectificaci\u00f3n del texto del art. 21<\/strong>&nbsp;sobre la actualizaci\u00f3n los criterios y exigencias para la&nbsp;<strong>capacitaci\u00f3n en manipulaci\u00f3n segura de alimentos<\/strong>&nbsp;para la obtenci\u00f3n del carnet de manipulador. Importante: ver&nbsp;<a href=\"https:\/\/www.argentina.gob.ar\/noticias\/rectificacion-del-articulo-21-del-caa-0\" target=\"_blank\" rel=\"noreferrer noopener\">comunicado ANMAT<\/a>&nbsp;del 27\/08\/19<\/td><\/tr><tr><td>22\/07\/19<\/td><td><a href=\"https:\/\/www.boletinoficial.gob.ar\/detalleAviso\/primera\/211799\/20190722\">22\/2019<\/a><\/td><td>Incorporaci\u00f3n del art\u00edculo 156 qu\u00e1ter con&nbsp;<strong>l\u00edmites para micotoxinas<\/strong>&nbsp;en: alimentos a base de cereales para lactantes y ni\u00f1os peque\u00f1os;&nbsp;harina y s\u00e9mola de ma\u00edz;&nbsp;harina, s\u00e9mola, semolina y hojuelas o copos de trigo;&nbsp;caf\u00e9 soluble (instant\u00e1neo), caf\u00e9 tostado en granos y caf\u00e9 tostado molido, excluido en soluble y pasas de uvas. Incorporaci\u00f3n del art\u00edculo 1414 tris con la&nbsp;<strong>metodolog\u00eda de an\u00e1lisis<\/strong>&nbsp;establecida&nbsp;para la determinaci\u00f3n de micotoxinas en alimentos<\/td><\/tr><tr><td>15\/07\/19<\/td><td><a href=\"https:\/\/www.boletinoficial.gob.ar\/detalleAviso\/primera\/211384\/20190715\">24\/2019<\/a><\/td><td>Rectificaci\u00f3n de las definiciones del art\u00edculo 760 tris:&nbsp;<strong>productos para copet\u00edn (snacks) o para aperitivos<\/strong>&nbsp;y 760 qu\u00e1ter:&nbsp;<strong>snacks galletas<\/strong><\/td><\/tr><tr><td>15\/07\/19<\/td><td><a href=\"https:\/\/www.boletinoficial.gob.ar\/detalleAviso\/primera\/211383\/20190715\">23\/2019<\/a><\/td><td>Incorporaci\u00f3n de la Resoluci\u00f3n Grupo Mercado Com\u00fan N\u00b0 46\/17 sobre \u201c<strong>Definiciones Relativas a las Bebidas Alcoh\u00f3licas<\/strong>\u201d (Modificaci\u00f3n de la Res. GMC N\u00ba 77\/94)<\/td><\/tr><tr><td>30\/05\/19<\/td><td><a href=\"https:\/\/www.boletinoficial.gob.ar\/detalleAviso\/primera\/208501\/20190530\">21\/2019<\/a><\/td><td>Art\u00edculo 323 &#8211; Incorporaci\u00f3n del agregado de&nbsp;<strong>col\u00e1geno<\/strong>&nbsp;en una dosis m\u00e1xima del 1% a&nbsp;<strong>chacinados frescos, secos y cocidos<\/strong>. Art\u00edculo 1.417: se incluyen en el \u00edtem 13 las caracter\u00edsticas que debe cumplir el col\u00e1geno<\/td><\/tr><tr><td>30\/05\/19<\/td><td><a href=\"https:\/\/www.boletinoficial.gob.ar\/detalleAviso\/primera\/208500\/20190530\">20\/2019<\/a><\/td><td>Art\u00edculo 888 &#8211; Inclusi\u00f3n del fruto de&nbsp;<strong>Durian o Duri\u00f3n (Durio zibethinus L.)<\/strong>&nbsp;en la clasificaci\u00f3n de frutas frescas comestibles<\/td><\/tr><tr><td>30\/05\/19<\/td><td><a href=\"https:\/\/www.boletinoficial.gob.ar\/detalleAviso\/primera\/208499\/20190530\">19\/2019<\/a><\/td><td>Art\u00edculo 13 &#8211; Incorporaci\u00f3n&nbsp;de la obligaci\u00f3n de contar con&nbsp;<strong>Registro Nacional de Establecimientos de Envases&nbsp;<\/strong>para los establecimientos elaboradores de envases y equipamientos en contacto con los alimentos<\/td><\/tr><tr><td>14\/05\/19<\/td><td><a href=\"https:\/\/www.boletinoficial.gob.ar\/detalleAviso\/primera\/207490\/20190514\">18\/2019<\/a><\/td><td>Incorporaci\u00f3n de&nbsp;la Res. MERCOSUR N\u00b0 18\/18 sobre definiciones de bebidas alcoh\u00f3licas, que modifica el punto 5) del \u00edtem XVIII sobre&nbsp;<strong>ca\u00f1a paraguaya<\/strong>&nbsp;de la Res. MERCOSUR N\u00b0 77\/94<\/td><\/tr><tr><td>10\/05\/19<\/td><td><a href=\"https:\/\/www.boletinoficial.gob.ar\/detalleAviso\/primera\/207324\/20190510\">15\/2019<\/a><\/td><td>Se modifican los art\u00edculos 949, 950, 951, 952, 953 y 954 y se incorporan de los art\u00edculos 950 bis, 950 tris, 951 bis y 951 tris sobre&nbsp;<strong>aceitunas en conserva<\/strong><\/td><\/tr><tr><td>02\/05\/19<\/td><td><a href=\"https:\/\/www.boletinoficial.gob.ar\/detalleAviso\/primera\/206764\/20190502\">17\/2019<\/a><\/td><td>Art\u00edculo 783 bis &#8211; Incorporaci\u00f3n&nbsp;<strong>miel de yate\u00ed<\/strong>, producto elaborado por abejas nativas sin aguij\u00f3n (Tetragonisca fiebrigi)<\/td><\/tr><tr><td>30\/04\/19<\/td><td><a href=\"https:\/\/www.boletinoficial.gob.ar\/detalleAviso\/primera\/206649\/20190430\" target=\"_blank\" rel=\"noreferrer noopener\">12\/2019<\/a><\/td><td>Art\u00edculo 21 &#8211; Actualizaci\u00f3n los criterios y exigencias para la&nbsp;<strong>capacitaci\u00f3n en manipulaci\u00f3n segura de alimentos&nbsp;<\/strong>para la obtenci\u00f3n del carnet de manipulador.<em>M\u00e1s informaci\u00f3n: ver&nbsp;<a href=\"http:\/\/www.aliargestiona.com\/ver-nota-50\" target=\"_blank\" rel=\"noreferrer noopener\">http:\/\/www.aliargestiona.com\/ver-nota-50<\/a><\/em><\/td><\/tr><tr><td>17\/04\/19<\/td><td><a href=\"https:\/\/www.boletinoficial.gob.ar\/detalleAviso\/primera\/205739\/20190417\" target=\"_blank\" rel=\"noreferrer noopener\">16\/2019<\/a><\/td><td>Art\u00edculo 1263 \u2013 Actualizaci\u00f3n del listado de&nbsp;<strong>enzimas permitidas<\/strong>&nbsp;como coadyuvantes de tecnolog\u00eda para uso en la industria alimentaria y de bebidas<\/td><\/tr><tr><td>17\/04\/19<\/td><td><a href=\"https:\/\/www.boletinoficial.gob.ar\/detalleAviso\/primera\/205738\/20190417\" target=\"_blank\" rel=\"noreferrer noopener\">14\/2019<\/a><\/td><td>Art\u00edculo 888 &#8211; Inclusi\u00f3n del fruto de&nbsp;<strong>Pitaya (Hylocereus spp.)<\/strong>&nbsp;en la clasificaci\u00f3n de frutas frescas comestibles<\/td><\/tr><tr><td>17\/04\/19<\/td><td><a href=\"https:\/\/www.boletinoficial.gob.ar\/detalleAviso\/primera\/205737\/20190417\" target=\"_blank\" rel=\"noreferrer noopener\">13\/2019<\/a><\/td><td>Art\u00edculo 923 bis &#8211; Inclusi\u00f3n de&nbsp;<strong>concentrado o extracto de spirulina<\/strong>&nbsp;como colorante en el cap\u00edtulo de Alimentos VegetalesArt\u00edculo 1324 &#8211; Inclusi\u00f3n de&nbsp;<strong>concentrado o extracto de spirulina<\/strong>&nbsp;como colorante en el cap\u00edtulo de Correctivos y Coadyuvantes<\/td><\/tr><tr><td>17\/04\/19<\/td><td><a href=\"https:\/\/www.boletinoficial.gob.ar\/detalleAviso\/primera\/205736\/20190417\" target=\"_blank\" rel=\"noreferrer noopener\">11\/2019<\/a><\/td><td>Art\u00edculos 327, 338, 339 y 346 \u2013 Rectificaci\u00f3n de los&nbsp;<strong>contenidos de m\u00e1ximos de sodio en chorizos frescos, salame, salamines y mortadela<\/strong><\/td><\/tr><tr><td>25\/03\/19<\/td><td><a href=\"https:\/\/www.boletinoficial.gob.ar\/#!DetalleNorma\/204074\/20190325\">9\/2019<\/a><\/td><td>Art\u00edculo 567 \u2013 Inclusi\u00f3n del reglamento t\u00e9cnico MERCOSUR\/GMC\/RES. N\u00ba 07\/18 sobre&nbsp;<strong>identidad y calidad de leche en polvo<\/strong><\/td><\/tr><tr><td>25\/03\/19<\/td><td><a href=\"https:\/\/www.boletinoficial.gob.ar\/#!DetalleNorma\/204073\/20190325\">8\/2019<\/a><\/td><td>Art\u00edculo 1115 &#8211; Armonizaci\u00f3n MERCOSUR de las definiciones de las&nbsp;<strong>bebidas aguardiente de ca\u00f1a<\/strong>&nbsp;y&nbsp;<strong>aguardiente de melaza<\/strong><\/td><\/tr><tr><td>13\/02\/19<\/td><td><a href=\"https:\/\/www.boletinoficial.gob.ar\/#!DetalleNorma\/201578\/20190213\">7\/2019<\/a><\/td><td>Art\u00edculo 888 &#8211; Inclusi\u00f3n de los frutos de&nbsp;<strong>Campomanesia xanthocarpa O. Berg<\/strong>&nbsp;y&nbsp;<strong>Campomanesia guazumifolia (Cambess.) O. Berg<\/strong>, conocidos com\u00fanmente en Argentina como \u201cguaviroba\/guabiroba o guavir\u00e1\u201d y \u201csiete capotes\u201d en la clasificaci\u00f3n de frutas frescas comestibles<\/td><\/tr><tr><td>13\/02\/19<\/td><td><a href=\"https:\/\/www.boletinoficial.gob.ar\/#!DetalleNorma\/201577\/20190213\">6\/2019<\/a><\/td><td>Art\u00edculos 271 al 277 \u2013 Modificaci\u00f3n\/inclusi\u00f3n de&nbsp;<strong>productos de la pesca y la acuicultura<\/strong>: especies, tratamientos y par\u00e1metros de control<\/td><\/tr><tr><td>13\/02\/19<\/td><td><a href=\"https:\/\/www.boletinoficial.gob.ar\/#!DetalleNorma\/201576\/20190213\">5\/2019<\/a><\/td><td>Art\u00edculos 887 y 916 bis \u2013 Inclusi\u00f3n de&nbsp;<strong>fruta tiernizada<\/strong>&nbsp;y los l\u00edmites para su tratamiento con \u00e1cido s\u00f3rbico o sorbato de potasio<\/td><\/tr><tr><td>13\/02\/19<\/td><td><a href=\"https:\/\/www.boletinoficial.gob.ar\/#!DetalleNorma\/201575\/20190213\">4\/2019<\/a><\/td><td>Art\u00edculos 440, 442, 1280 y 1284 \u2013 Modificaci\u00f3n\/inclusi\u00f3n de&nbsp;<strong>contenidos m\u00e1ximos de sodio para sopas, caldo, mayonesa y ketchup<\/strong><\/td><\/tr><tr><td>13\/02\/19<\/td><td><a href=\"https:\/\/www.boletinoficial.gob.ar\/#!DetalleNorma\/201574\/20190213\">3\/2019<\/a><\/td><td>Art\u00edculos 926 y 942 al 948 \u2013 Modificaci\u00f3n de&nbsp;<strong>conservas vegetales y conservas de tomates<\/strong><\/td><\/tr><tr><td>16\/01\/19<\/td><td><a href=\"https:\/\/www.boletinoficial.gob.ar\/#!DetalleNormaBusquedaAvanzada\/200235\/20190116\">2\/2019<\/a><\/td><td>Art\u00edculo 888 \u2013 Inclusi\u00f3n de la fruta&nbsp;<strong>a\u00e7a\u00ed o asa\u00ed (Euterpe oleracea Mart.)<\/strong>&nbsp;en la clasificaci\u00f3n de frutas frescas comestibles<\/td><\/tr><tr><td>27\/12\/18<\/td><td><a href=\"https:\/\/www.boletinoficial.gob.ar\/#!DetalleNormaBusquedaAvanzada\/198912\/20181227\">13\/2018<\/a><\/td><td>Art\u00edculo 154 qu\u00e1ter &#8211; Incorporaci\u00f3n de la habilitaci\u00f3n de establecimientos que elaboran y\/o comercializan alimentos a partir de la&nbsp;<strong>actividad agroalimentaria familiar<\/strong><\/td><\/tr><tr><td>14\/12\/18<\/td><td><a href=\"https:\/\/www.boletinoficial.gob.ar\/#!DetalleNorma\/197936\/20181214\">16\/2018<\/a><\/td><td>Art\u00edculo 1081 &#8211; Incorporaci\u00f3n de alginato de propilenglicol (INS 405) como estabilizante de espuma para&nbsp;<strong>cerveza<\/strong><\/td><\/tr><tr><td>13\/12\/18<\/td><td><a href=\"https:\/\/www.boletinoficial.gob.ar\/#!DetalleNorma\/197822\/20181213\">17\/2018<\/a><\/td><td>Art\u00edculos 286, 287, 293 bis, 297 bis, 338, 339 y 346 &#8211; Inclusi\u00f3n de nuevos productos como&nbsp;<strong>salazones y chacinados<\/strong>&nbsp;elaborados a partir de otras especies de faena permitidos<\/td><\/tr><tr><td>13\/12\/18<\/td><td><a href=\"https:\/\/www.boletinoficial.gob.ar\/#!DetalleNorma\/197823\/20181213\">19\/2018<\/a><\/td><td>Art\u00edculo 888 &#8211; Inclusi\u00f3n de los frutos de&nbsp;<strong>acca sellowiana (O. Berg) Burret&nbsp;<\/strong>de la familia Myrtaceae, conocida vulgarmente en Argentina como \u201cfalso guayabo\u201d en la clasificaci\u00f3n de frutas frescas comestibles<\/td><\/tr><tr><td>13\/12\/18<\/td><td><a href=\"http:\/\/www.aliargestiona.com\/Res.%2020\/2018:%20https:\/www.boletinoficial.gob.ar\/#!DetalleNorma\/197824\/20181213\">20\/2018<\/a><\/td><td>Art\u00edculo 1333 &#8211; Supresi\u00f3n del valor del pH como par\u00e1metro de ineptitud en&nbsp;<strong>vinagres<\/strong><\/td><\/tr><tr><td>07\/12\/18<\/td><td><a href=\"https:\/\/www.boletinoficial.gob.ar\/#!DetalleNorma\/197443\/20181207\">1\/2018<\/a><\/td><td>Art\u00edculo 527 bis \u2013 Inclusi\u00f3n del&nbsp;<strong>aceite de ch\u00eda de uso industrial<\/strong><\/td><\/tr><tr><td>07\/12\/18<\/td><td><a href=\"https:\/\/www.boletinoficial.gob.ar\/#!DetalleNorma\/197444\/20181207\">3\/2018<\/a><\/td><td>Art\u00edculo 1198 qu\u00e1ter &#8211;&nbsp; Inclusi\u00f3n de&nbsp;<strong>hojas de stevia desecadas o deshidratadas<\/strong><\/td><\/tr><tr><td>22\/11\/18<\/td><td><a href=\"https:\/\/www.boletinoficial.gob.ar\/#!DetalleNorma\/196407\/20181122\">7\/2018<\/a><\/td><td>Art\u00edculo 923 \u2013 Inclusi\u00f3n de&nbsp;<strong>wakame<\/strong>&nbsp;al listado de algas comestibles<\/td><\/tr><tr><td>22\/11\/18<\/td><td><a href=\"https:\/\/www.boletinoficial.gob.ar\/#!DetalleNorma\/196408\/20181122\">14\/2018<\/a><\/td><td>Art\u00edculo 1084 \u2013 Actualizaci\u00f3n&nbsp;<strong>hidromiel o aguamiel<\/strong><\/td><\/tr><tr><td>21\/11\/18<\/td><td><a href=\"https:\/\/www.boletinoficial.gob.ar\/#!DetalleNorma\/196320\/20181121\">2\/2018<\/a><\/td><td>Art\u00edculo 1407 &#8211; Modificaci\u00f3n&nbsp;<strong>concentrados prote\u00ednicos de origen vegetal<\/strong><\/td><\/tr><tr><td>21\/11\/18<\/td><td><a href=\"https:\/\/www.boletinoficial.gob.ar\/#!DetalleNorma\/196321\/20181121\">4\/2018<\/a><\/td><td>Art\u00edculo 1398 \u2013 Modificaci\u00f3n del listado de&nbsp;<strong>aditivos alimentarios<\/strong><\/td><\/tr><tr><td>21\/11\/18<\/td><td><a href=\"https:\/\/www.boletinoficial.gob.ar\/#!DetalleNorma\/196322\/20181121\">5\/2018<\/a><\/td><td>Art\u00edculo 154 tris \u2013 Incorporaci\u00f3n de las&nbsp;<strong>Buenas Pr\u00e1cticas Agr\u00edcolas (BPA)<\/strong><\/td><\/tr><tr><td>21\/11\/18<\/td><td><a href=\"https:\/\/www.boletinoficial.gob.ar\/#!DetalleNorma\/196323\/20181121\">8\/2018<\/a><\/td><td>Art\u00edculo 1195 tris \u2013 Incorporaci\u00f3n de criterios microbiol\u00f3gicos para la&nbsp;<strong>yerba mate elaborada<\/strong><\/td><\/tr><tr><td>21\/11\/18<\/td><td><a href=\"https:\/\/www.boletinoficial.gob.ar\/#!DetalleNorma\/196324\/20181121\">9\/2018<\/a><\/td><td>Art\u00edculo 578 \u2013 Incorporaci\u00f3n de&nbsp;<strong>bebida l\u00e1ctea, bebida l\u00e1ctea con agregados, bebida l\u00e1ctea fermentada y bebida l\u00e1ctea fermentada con agregados<\/strong><\/td><\/tr><tr><td>21\/11\/18<\/td><td><a href=\"https:\/\/www.boletinoficial.gob.ar\/#!DetalleNorma\/196325\/20181121\">10\/2018<\/a><\/td><td>Art\u00edculo 323 \u2013 Inclusi\u00f3n de&nbsp;<strong>carne de cerdo en polvo<\/strong>&nbsp;como ingrediente en chacinados<\/td><\/tr><tr><td>21\/11\/18<\/td><td><a href=\"https:\/\/www.boletinoficial.gob.ar\/#!DetalleNorma\/196326\/20181121\">11\/2018<\/a><\/td><td>Art\u00edculo 822 \u2013 Inclusi\u00f3n de&nbsp;<strong>mashwa, ulluku y papayo de altura o chamburo<\/strong>&nbsp;al listado de hortalizas<\/td><\/tr><tr><td>21\/11\/18<\/td><td><a href=\"https:\/\/www.boletinoficial.gob.ar\/#!DetalleNorma\/196327\/20181121\">12\/2018<\/a><\/td><td>Art\u00edculo 1353 bis \u2013 Incorporaci\u00f3n de&nbsp;<strong>f\u00f3rmulas para lactantes<\/strong>&nbsp;<\/td><\/tr><tr><td>21\/11\/18<\/td><td><a href=\"https:\/\/www.boletinoficial.gob.ar\/#!DetalleNorma\/196328\/20181121\">15\/2018<\/a><\/td><td>Art\u00edculos 1192 y 1198 \u2013 Inclusi\u00f3n de&nbsp;<strong>Moringa oleifera Lam.<\/strong>&nbsp;como hierba para infusiones y yerba mate compuesta<\/td><\/tr><tr><td>21\/11\/18<\/td><td><a href=\"https:\/\/www.boletinoficial.gob.ar\/#!DetalleNorma\/196329\/20181121\">18\/2018<\/a><\/td><td>Art\u00edculo 582 \u2013 Incorporaci\u00f3n de&nbsp;<strong>sueros de lecher\u00eda y derivados de sueros de lecher\u00eda<\/strong><\/td><\/tr><tr><td>20\/11\/18<\/td><td><a href=\"https:\/\/www.boletinoficial.gob.ar\/#!DetalleNorma\/196247\/20181120\">6\/2018<\/a><\/td><td>Art\u00edculo 642 bis &#8211; Incorporaci\u00f3n de&nbsp;<strong>quesillo<\/strong><\/td><\/tr><tr><td>25\/09\/18<\/td><td><a href=\"https:\/\/www.boletinoficial.gob.ar\/DetalleNorma\/192839\">1\/2018<\/a><\/td><td>Modificaci\u00f3n de los&nbsp;<strong>l\u00edmites de contenido de sodio en varios chacinados y farin\u00e1ceos<\/strong>.&nbsp;<\/td><\/tr><\/tbody><\/table><\/figure>\n\n\n\n<p class=\"has-text-align-center has-background\" style=\"background-color:#e4f2fa\"><strong>Para conocer m\u00e1s los invitamos al<\/strong><br><a href=\"https:\/\/www.portaldeinocuidad.com\/web\/legislacion-alimentaria-argentina\/\" target=\"_blank\" rel=\"noreferrer noopener\"><strong>Curso Online Legislaci\u00f3n Alimentaria (Argentina).<\/strong><br><strong>\u00a1Quiero inscribirme!<\/strong><\/a><\/p>\n\n\n\n<p><strong>Autor:<\/strong><br>ALIAR es una empresa comprometida con la mejora de los sistemas de gesti\u00f3n de la calidad y la inocuidad de los alimentos a trav\u00e9s de propuestas que crean valor compartido para garantizar la satisfacci\u00f3n de los clientes y consumidores, fortaleciendo el crecimiento y la competitividad de la agroindustria.<br>Su visi\u00f3n es ser una empresa reconocida regionalmente por el profesionalismo de sus programas de capacitaci\u00f3n, implementaci\u00f3n y auditor\u00eda, de acuerdo con las exigencias legales vigentes.<br>Web:&nbsp;<a href=\"http:\/\/www.aliargestiona.com\/\" target=\"_blank\" rel=\"noreferrer noopener\">http:\/\/www.aliargestiona.com<\/a><\/p>\n\n\n\n<p><em><strong>Portal de Inocuidad \u00a9 Se proh\u00edbe la reproducci\u00f3n total o parcial de los contenidos sin citar su fuente o solicitar autorizaci\u00f3n.<\/strong><\/em><\/p>\n","protected":false},"excerpt":{"rendered":"<p>Nuestros amigos de&nbsp;Aliar Gesti\u00f3n Alimentaria&nbsp;nos traen otro excelente art\u00edculo con las \u00faltimas modificaciones del C\u00f3digo Alimentario Argentino. \u00a1Los invitamos a seguir de cerca todos sus contenidos! \u00daltimas modificaciones del C\u00f3digo Alimentario Argentino A continuaci\u00f3n encontrar\u00e1n los v\u00ednculos para acceder a las publicaciones en el Bolet\u00edn Oficial (BORA) que modifican \/ actualizan el CAA:&nbsp; Fecha Res. [&hellip;]<\/p>\n","protected":false},"author":1,"featured_media":12754,"comment_status":"open","ping_status":"open","sticky":false,"template":"","format":"standard","meta":{"_genesis_hide_title":false,"_genesis_hide_breadcrumbs":false,"_genesis_hide_singular_image":false,"_genesis_hide_footer_widgets":false,"_genesis_custom_body_class":"","_genesis_custom_post_class":"","_genesis_layout":"","footnotes":""},"categories":[96],"tags":[76,407,297,60,50],"class_list":{"0":"post-12753","1":"post","2":"type-post","3":"status-publish","4":"format-standard","5":"has-post-thumbnail","7":"category-noticias","8":"tag-aliar","9":"tag-caa","10":"tag-industria-alimentaria","11":"tag-inocuidad-alimentaria","12":"tag-legislacion-alimentaria-ar","13":"entry"},"featured_image_src":"https:\/\/www.portaldeinocuidad.com\/web\/wp-content\/uploads\/2021\/03\/codigo-alimentario-argentino-ultimas-modificaciones.jpg","featured_image_src_square":"https:\/\/www.portaldeinocuidad.com\/web\/wp-content\/uploads\/2021\/03\/codigo-alimentario-argentino-ultimas-modificaciones.jpg","author_info":{"display_name":"Portal de Inocuidad","author_link":"https:\/\/www.portaldeinocuidad.com\/web\/author\/adminweb\/"},"_links":{"self":[{"href":"https:\/\/www.portaldeinocuidad.com\/web\/wp-json\/wp\/v2\/posts\/12753","targetHints":{"allow":["GET"]}}],"collection":[{"href":"https:\/\/www.portaldeinocuidad.com\/web\/wp-json\/wp\/v2\/posts"}],"about":[{"href":"https:\/\/www.portaldeinocuidad.com\/web\/wp-json\/wp\/v2\/types\/post"}],"author":[{"embeddable":true,"href":"https:\/\/www.portaldeinocuidad.com\/web\/wp-json\/wp\/v2\/users\/1"}],"replies":[{"embeddable":true,"href":"https:\/\/www.portaldeinocuidad.com\/web\/wp-json\/wp\/v2\/comments?post=12753"}],"version-history":[{"count":4,"href":"https:\/\/www.portaldeinocuidad.com\/web\/wp-json\/wp\/v2\/posts\/12753\/revisions"}],"predecessor-version":[{"id":22199,"href":"https:\/\/www.portaldeinocuidad.com\/web\/wp-json\/wp\/v2\/posts\/12753\/revisions\/22199"}],"wp:featuredmedia":[{"embeddable":true,"href":"https:\/\/www.portaldeinocuidad.com\/web\/wp-json\/wp\/v2\/media\/12754"}],"wp:attachment":[{"href":"https:\/\/www.portaldeinocuidad.com\/web\/wp-json\/wp\/v2\/media?parent=12753"}],"wp:term":[{"taxonomy":"category","embeddable":true,"href":"https:\/\/www.portaldeinocuidad.com\/web\/wp-json\/wp\/v2\/categories?post=12753"},{"taxonomy":"post_tag","embeddable":true,"href":"https:\/\/www.portaldeinocuidad.com\/web\/wp-json\/wp\/v2\/tags?post=12753"}],"curies":[{"name":"wp","href":"https:\/\/api.w.org\/{rel}","templated":true}]}}