{"id":10676,"date":"2020-08-06T15:00:54","date_gmt":"2020-08-06T18:00:54","guid":{"rendered":"https:\/\/www.portaldeinocuidad.com\/web\/?p=10676"},"modified":"2020-10-01T10:43:28","modified_gmt":"2020-10-01T13:43:28","slug":"tips-sobre-inocuidad-alimentaria-julio-2020","status":"publish","type":"post","link":"https:\/\/www.portaldeinocuidad.com\/web\/tips-sobre-inocuidad-alimentaria-julio-2020\/","title":{"rendered":"Tips sobre inocuidad alimentaria [julio 2020]"},"content":{"rendered":"\n<p>\u00bfQu\u00e9 pas\u00f3 en julio? Repasemos qu\u00e9 tuvimos en el blog en materia de&nbsp;<strong>tips, tendencias y mejores pr\u00e1cticas<\/strong>&nbsp;sobre&nbsp;<strong><a href=\"https:\/\/www.portaldeinocuidad.com\/web\/tag\/inocuidad-alimentaria\/\" target=\"_blank\" rel=\"noreferrer noopener\">inocuidad alimentaria<\/a><\/strong>&nbsp;\ud83d\ude09<\/p>\n\n\n\n<h6 class=\"has-text-align-center wp-block-heading\">Art\u00edculos de julio<\/h6>\n\n\n\n<p class=\"has-text-align-center has-background\" style=\"background-color:#eeeeee\"><strong>DESTACADO<\/strong><br><strong><a rel=\"noreferrer noopener\" href=\"https:\/\/www.portaldeinocuidad.com\/web\/tag\/covid-19\/\" target=\"_blank\">#COVID-19<\/a><\/strong><br><strong>Contenido sobre los&nbsp;sistemas de gesti\u00f3n de la&nbsp;inocuidad alimentaria&nbsp;dentro de la crisis derivada de la pandemia por el nuevo&nbsp;coronavirus.<\/strong><br><strong><a rel=\"noreferrer noopener\" href=\"https:\/\/www.portaldeinocuidad.com\/web\/tag\/covid-19\/\" target=\"_blank\">\u00a1Conocer m\u00e1s!<\/a><\/strong><\/p>\n\n\n\n<p>Los contenidos del mes en detalle:<\/p>\n\n\n\n<ul class=\"wp-block-list\"><li><a href=\"https:\/\/www.portaldeinocuidad.com\/web\/que-auditamos-cuando-evaluamos-la-capacitacion-formacion\/\" target=\"_blank\" rel=\"noreferrer noopener\">\u00bfQu\u00e9 auditamos cuando evaluamos la capacitaci\u00f3n\/formaci\u00f3n?<\/a><\/li><li><a href=\"https:\/\/www.portaldeinocuidad.com\/web\/inocuidad-de-los-alimentos-covid-19-por-juan-david-posada-rueda\/\">Inocuidad de los alimentos +<\/a><a href=\"https:\/\/www.portaldeinocuidad.com\/web\/inocuidad-de-los-alimentos-covid-19-por-juan-david-posada-rueda\/\" target=\"_blank\" rel=\"noreferrer noopener\"> <\/a><a href=\"https:\/\/www.portaldeinocuidad.com\/web\/inocuidad-de-los-alimentos-covid-19-por-juan-david-posada-rueda\/\">COVID-19, por Juan David Posada Rueda<\/a>.<\/li><li><a href=\"https:\/\/www.portaldeinocuidad.com\/web\/inocuidad-de-los-alimentos-covid-19-por-betty-recuero\/\" target=\"_blank\" rel=\"noreferrer noopener\">Inocuidad de los alimentos + COVID-19, por Betty Recuero<\/a>.<\/li><li><a href=\"https:\/\/www.portaldeinocuidad.com\/web\/recursos-utiles-para-la-industria-de-alimentos-durante-la-pandemia\/\" target=\"_blank\" rel=\"noreferrer noopener\">Recursos \u00fatiles para la industria de alimentos durante la pandemia<\/a>.<\/li><li><a href=\"https:\/\/www.portaldeinocuidad.com\/web\/inocuidad-de-los-alimentos-covid-19-por-ariel-perez-barrio\/\" target=\"_blank\" rel=\"noreferrer noopener\">Inocuidad de los alimentos + COVID-19, por Ariel P\u00e9rez Barrio<\/a>.<\/li><li><a href=\"https:\/\/www.portaldeinocuidad.com\/web\/covid-19-tuneles-de-desinfeccion\/\" target=\"_blank\" rel=\"noreferrer noopener\">COVID-19: t\u00faneles de desinfecci\u00f3n<\/a>.<\/li><li><a href=\"https:\/\/www.portaldeinocuidad.com\/web\/fssc-22000-para-la-elaboracion-de-alimentos\/\" target=\"_blank\" rel=\"noreferrer noopener\">Nuevo curso FSSC 22000 para la elaboraci\u00f3n de alimentos<\/a>.<\/li><li><a href=\"https:\/\/www.portaldeinocuidad.com\/web\/inocuidad-de-los-alimentos-covid-19-por-ricardo-ferrario\/\" target=\"_blank\" rel=\"noreferrer noopener\">Inocuidad de los alimentos + COVID-19, por Ricardo Ferrario<\/a>.<\/li><li><a href=\"https:\/\/www.portaldeinocuidad.com\/web\/carnes-colombia-reconocio-equivalencias-sanitarias-a-la-argentina\/\" target=\"_blank\" rel=\"noreferrer noopener\">Carnes: Colombia reconoci\u00f3 equivalencias sanitarias a la Argentina<\/a>.<\/li><li><a href=\"https:\/\/www.portaldeinocuidad.com\/web\/requisitos-y-etiquetado-para-exportar-alimentos-a-ee-uu\/\" target=\"_blank\" rel=\"noreferrer noopener\">Requisitos y etiquetado para exportar alimentos a EE.UU.<\/a><\/li><\/ul>\n\n\n\n<p>\u00a1Seguimos acompa\u00f1\u00e1ndolos! \ud83d\ude42<\/p>\n\n\n\n<p class=\"has-text-align-center has-luminous-vivid-amber-background-color has-background\"><strong>\u00bfPlanificando una capacitaci\u00f3n para su equipo?<\/strong><br>Compartimos la oferta de formaci\u00f3n especializada<br>en gesti\u00f3n alimentaria.<br><strong><a rel=\"noreferrer noopener\" href=\"https:\/\/www.portaldeinocuidad.com\/web\/calendario\/\" target=\"_blank\">[Ver el calendario]<\/a><\/strong><\/p>\n\n\n\n<p><em><strong>Portal de Inocuidad \u00a9 Se proh\u00edbe la reproducci\u00f3n total o parcial de los contenidos sin citar su fuente o solicitar autorizaci\u00f3n.<\/strong><\/em><\/p>\n","protected":false},"excerpt":{"rendered":"<p>\u00bfQu\u00e9 pas\u00f3 en julio? Repasemos qu\u00e9 tuvimos en el blog en materia de&nbsp;tips, tendencias y mejores pr\u00e1cticas&nbsp;sobre&nbsp;inocuidad alimentaria&nbsp;\ud83d\ude09 Art\u00edculos de julio DESTACADO#COVID-19Contenido sobre los&nbsp;sistemas de gesti\u00f3n de la&nbsp;inocuidad alimentaria&nbsp;dentro de la crisis derivada de la pandemia por el nuevo&nbsp;coronavirus.\u00a1Conocer m\u00e1s! Los contenidos del mes en detalle: \u00bfQu\u00e9 auditamos cuando evaluamos la capacitaci\u00f3n\/formaci\u00f3n? Inocuidad de los [&hellip;]<\/p>\n","protected":false},"author":1,"featured_media":10680,"comment_status":"open","ping_status":"open","sticky":false,"template":"","format":"standard","meta":{"_genesis_hide_title":false,"_genesis_hide_breadcrumbs":false,"_genesis_hide_singular_image":false,"_genesis_hide_footer_widgets":false,"_genesis_custom_body_class":"","_genesis_custom_post_class":"","_genesis_layout":"","footnotes":""},"categories":[112],"tags":[334,337,297,60,343],"class_list":{"0":"post-10676","1":"post","2":"type-post","3":"status-publish","4":"format-standard","5":"has-post-thumbnail","7":"category-contenidos-originales","8":"tag-coronavirus","9":"tag-covid-19","10":"tag-industria-alimentaria","11":"tag-inocuidad-alimentaria","12":"tag-resumen","13":"entry"},"featured_image_src":"https:\/\/www.portaldeinocuidad.com\/web\/wp-content\/uploads\/2020\/08\/tips-sobre-inocuidad-alimentaria-julio-2020.jpg","featured_image_src_square":"https:\/\/www.portaldeinocuidad.com\/web\/wp-content\/uploads\/2020\/08\/tips-sobre-inocuidad-alimentaria-julio-2020.jpg","author_info":{"display_name":"Portal de Inocuidad","author_link":"https:\/\/www.portaldeinocuidad.com\/web\/author\/adminweb\/"},"_links":{"self":[{"href":"https:\/\/www.portaldeinocuidad.com\/web\/wp-json\/wp\/v2\/posts\/10676","targetHints":{"allow":["GET"]}}],"collection":[{"href":"https:\/\/www.portaldeinocuidad.com\/web\/wp-json\/wp\/v2\/posts"}],"about":[{"href":"https:\/\/www.portaldeinocuidad.com\/web\/wp-json\/wp\/v2\/types\/post"}],"author":[{"embeddable":true,"href":"https:\/\/www.portaldeinocuidad.com\/web\/wp-json\/wp\/v2\/users\/1"}],"replies":[{"embeddable":true,"href":"https:\/\/www.portaldeinocuidad.com\/web\/wp-json\/wp\/v2\/comments?post=10676"}],"version-history":[{"count":5,"href":"https:\/\/www.portaldeinocuidad.com\/web\/wp-json\/wp\/v2\/posts\/10676\/revisions"}],"predecessor-version":[{"id":11265,"href":"https:\/\/www.portaldeinocuidad.com\/web\/wp-json\/wp\/v2\/posts\/10676\/revisions\/11265"}],"wp:featuredmedia":[{"embeddable":true,"href":"https:\/\/www.portaldeinocuidad.com\/web\/wp-json\/wp\/v2\/media\/10680"}],"wp:attachment":[{"href":"https:\/\/www.portaldeinocuidad.com\/web\/wp-json\/wp\/v2\/media?parent=10676"}],"wp:term":[{"taxonomy":"category","embeddable":true,"href":"https:\/\/www.portaldeinocuidad.com\/web\/wp-json\/wp\/v2\/categories?post=10676"},{"taxonomy":"post_tag","embeddable":true,"href":"https:\/\/www.portaldeinocuidad.com\/web\/wp-json\/wp\/v2\/tags?post=10676"}],"curies":[{"name":"wp","href":"https:\/\/api.w.org\/{rel}","templated":true}]}}