{"id":10307,"date":"2020-08-11T10:00:00","date_gmt":"2020-08-11T13:00:00","guid":{"rendered":"https:\/\/www.portaldeinocuidad.com\/web\/?p=10307"},"modified":"2020-06-30T14:07:56","modified_gmt":"2020-06-30T17:07:56","slug":"inocuidad-de-los-alimentos-covid-19-por-mariana-arla","status":"publish","type":"post","link":"https:\/\/www.portaldeinocuidad.com\/web\/inocuidad-de-los-alimentos-covid-19-por-mariana-arla\/","title":{"rendered":"Inocuidad de los alimentos + COVID-19, por Mariana Arla"},"content":{"rendered":"\n<p>Seguimos compartiendo las reflexiones de nuestro equipo de especialistas, con el objetivo de inspirar acciones que ayuden a prevenir, detectar y gestionar los&nbsp;<strong><a href=\"https:\/\/www.portaldeinocuidad.com\/web\/el-analisis-de-peligros-en-los-establecimientos-donde-se-sirven-alimentos\/\" target=\"_blank\" rel=\"noreferrer noopener\">riesgos transmitidos por los alimentos<\/a>,&nbsp;en el marco de una&nbsp;<a href=\"https:\/\/www.portaldeinocuidad.com\/web\/tag\/covid-19\/\" target=\"_blank\" rel=\"noreferrer noopener\">pandemia<\/a>.<\/strong><\/p>\n\n\n\n<p class=\"has-background has-very-light-gray-background-color\"><strong><a href=\"https:\/\/www.portaldeinocuidad.com\/web\/mariana-arla\/\" title=\"Mariana Arla\" target=\"_blank\" rel=\"noreferrer noopener\">Mariana Arla<\/a>, con quien realizamos m\u00faltiples trabajos conjuntos, nos enfoca sobre la cultura de inocuidad:<\/strong><br><br><em>\u00abDesde ALIAR Gestiona pensamos que como sociedad en general, y en pocas semanas de reconversi\u00f3n, aprendimos a nunca m\u00e1s subestimar los riesgos sanitarios asociados a la producci\u00f3n higi\u00e9nica de los alimentos.<br><br>Si bien no existen evidencias de que los alimentos sean una v\u00eda de transmisi\u00f3n del virus, las empresas productoras y nosotros, los profesionales, como agentes activos de la cadena de suministro, debimos poner a las personas en el centro de nuestras preocupaciones y cuidados, adaptando procedimientos, protocolos y requerimientos.<br><br>Como desde hace a\u00f1os, acorde con nuestros valores, vamos a seguir aportando a la construcci\u00f3n de una Cultura de inocuidad:<br><br># Trabajar en equipo, siempre<br># Establecer alianzas con aquellos que consideramos \u00edntegros en su accionar<br># Sostenernos en las ciencias de los alimentos y en las del comportamiento<br># Cooperar con nuestros clientes para mejorar su desempe\u00f1o en relaci\u00f3n a la calidad y la inocuidad<br># Adaptarnos y resolver con responsabilidad, con nuevos y mejores recursos<br><br>\u00a1Gracias al Portal de Inocuidad por convocarnos nuevamente en esta oportunidad!\u00bb.<\/em><\/p>\n\n\n\n<p class=\"has-background has-text-align-center has-luminous-vivid-amber-background-color\"><strong><a href=\"https:\/\/www.portaldeinocuidad.com\/web\/wp-content\/uploads\/2020\/06\/inocuidad2020.pdf\" target=\"_blank\" rel=\"noreferrer noopener\">\u00a1Quiero descargar el informe completo:<\/a><\/strong><br><strong><a href=\"https:\/\/www.portaldeinocuidad.com\/web\/wp-content\/uploads\/2020\/06\/inocuidad2020.pdf\" target=\"_blank\" rel=\"noreferrer noopener\">\u00abD\u00eda de la Inocuidad de los Alimentos\u00bb!<\/a><\/strong><\/p>\n\n\n\n<p><em><strong>Portal de Inocuidad \u00a9 Se proh\u00edbe la reproducci\u00f3n total o parcial de los contenidos sin citar su fuente o solicitar autorizaci\u00f3n.<\/strong><\/em><\/p>\n","protected":false},"excerpt":{"rendered":"<p>Seguimos compartiendo las reflexiones de nuestro equipo de especialistas, con el objetivo de inspirar acciones que ayuden a prevenir, detectar y gestionar los&nbsp;riesgos transmitidos por los alimentos,&nbsp;en el marco de una&nbsp;pandemia. Mariana Arla, con quien realizamos m\u00faltiples trabajos conjuntos, nos enfoca sobre la cultura de inocuidad: \u00abDesde ALIAR Gestiona pensamos que como sociedad en general, [&hellip;]<\/p>\n","protected":false},"author":1,"featured_media":10316,"comment_status":"open","ping_status":"open","sticky":false,"template":"","format":"standard","meta":{"_genesis_hide_title":false,"_genesis_hide_breadcrumbs":false,"_genesis_hide_singular_image":false,"_genesis_hide_footer_widgets":false,"_genesis_custom_body_class":"","_genesis_custom_post_class":"","_genesis_layout":"","footnotes":""},"categories":[112],"tags":[334,337,297,314,60,370],"class_list":{"0":"post-10307","1":"post","2":"type-post","3":"status-publish","4":"format-standard","5":"has-post-thumbnail","7":"category-contenidos-originales","8":"tag-coronavirus","9":"tag-covid-19","10":"tag-industria-alimentaria","11":"tag-informes-sobre-inocuidad-alimentaria","12":"tag-inocuidad-alimentaria","13":"tag-mariana-arla","14":"entry"},"featured_image_src":"https:\/\/www.portaldeinocuidad.com\/web\/wp-content\/uploads\/2020\/06\/inocuidad-de-los-alimentos-y-covid-19-por-mariana-arla.jpg","featured_image_src_square":"https:\/\/www.portaldeinocuidad.com\/web\/wp-content\/uploads\/2020\/06\/inocuidad-de-los-alimentos-y-covid-19-por-mariana-arla.jpg","author_info":{"display_name":"Portal de Inocuidad","author_link":"https:\/\/www.portaldeinocuidad.com\/web\/author\/adminweb\/"},"_links":{"self":[{"href":"https:\/\/www.portaldeinocuidad.com\/web\/wp-json\/wp\/v2\/posts\/10307","targetHints":{"allow":["GET"]}}],"collection":[{"href":"https:\/\/www.portaldeinocuidad.com\/web\/wp-json\/wp\/v2\/posts"}],"about":[{"href":"https:\/\/www.portaldeinocuidad.com\/web\/wp-json\/wp\/v2\/types\/post"}],"author":[{"embeddable":true,"href":"https:\/\/www.portaldeinocuidad.com\/web\/wp-json\/wp\/v2\/users\/1"}],"replies":[{"embeddable":true,"href":"https:\/\/www.portaldeinocuidad.com\/web\/wp-json\/wp\/v2\/comments?post=10307"}],"version-history":[{"count":10,"href":"https:\/\/www.portaldeinocuidad.com\/web\/wp-json\/wp\/v2\/posts\/10307\/revisions"}],"predecessor-version":[{"id":10318,"href":"https:\/\/www.portaldeinocuidad.com\/web\/wp-json\/wp\/v2\/posts\/10307\/revisions\/10318"}],"wp:featuredmedia":[{"embeddable":true,"href":"https:\/\/www.portaldeinocuidad.com\/web\/wp-json\/wp\/v2\/media\/10316"}],"wp:attachment":[{"href":"https:\/\/www.portaldeinocuidad.com\/web\/wp-json\/wp\/v2\/media?parent=10307"}],"wp:term":[{"taxonomy":"category","embeddable":true,"href":"https:\/\/www.portaldeinocuidad.com\/web\/wp-json\/wp\/v2\/categories?post=10307"},{"taxonomy":"post_tag","embeddable":true,"href":"https:\/\/www.portaldeinocuidad.com\/web\/wp-json\/wp\/v2\/tags?post=10307"}],"curies":[{"name":"wp","href":"https:\/\/api.w.org\/{rel}","templated":true}]}}